{"id":63641,"date":"2019-08-06T00:15:29","date_gmt":"2019-08-05T22:15:29","guid":{"rendered":"https:\/\/miurltemporal.com/main/triatletasenred.sport.es\/?p=63641"},"modified":"2019-08-06T00:15:53","modified_gmt":"2019-08-05T22:15:53","slug":"bjorg-lambrecht","status":"publish","type":"post","link":"https:\/\/miurltemporal.com/main/triatletasenred.sport.es\/actualidad\/bjorg-lambrecht\/","title":{"rendered":"El cliclismo internacional de luto por el fallecimiento del joven belga Bjorg Lambrecht"},"content":{"rendered":"<h3 style=\"text-align: justify;\">Bjorg Lambrecht, ciclista del equipo Lotto-Soudal, sufri\u00f3 un aparatoso accidente en\u00a0en el transcurso de la tercera etapa de la Vuelta a Polonia por el que se habr\u00eda golpeado la cabeza con una alcantarilla.<\/h3>\n<p style=\"text-align: justify;\"><a href=\"http:\/\/bilbaotriathlon.com\" rel=\"nofollow noopener\" target=\"_blank\"><img fetchpriority=\"high\" decoding=\"async\" class=\"aligncenter size-full wp-image-63577\" src=\"https:\/\/miurltemporal.com/main/triatletasenred.sport.es\/wp-content\/uploads\/banner-750X100.gif\" alt=\"\" width=\"750\" height=\"150\" \/><\/a><\/p>\n<p style=\"text-align: justify;\">Seg\u00fan recoje atres, <strong>Lambrecht<\/strong> falleci\u00f3 en la mesa de operaciones. En declaraciones a los medios polacos,\u00a0Micha\u0142 Siero\u0144, portavoz del centro hospitalario comento que: &#8220;<em><strong>Lleg\u00f3 al hospital en estado cr\u00edtico y, desafortunadamente, durante la operaci\u00f3n falleci\u00f3&#8221;<\/strong><\/em><\/p>\n<p style=\"text-align: justify;\">El ciclista belga, que ten\u00eda programado participar en La Vuelta a Espa\u00f1a, fue segundo en el Tour del Porvenir en 2017 ten\u00eda 22 a\u00f1os y era una de las grandes promesas del ciclismo belga.<\/p>\n<p style=\"text-align: justify;\">Su actual equipo, el<strong> Lotto-Soudal<\/strong>, por el que recientemente hab\u00eda renovado ha sido quien ha lanzado la triste noticia hace escasas horas.<\/p>\n<blockquote class=\"twitter-tweet\">\n<p dir=\"ltr\" lang=\"en\">The biggest tragedy possible that could happen to the family, friends and teammates of Bjorg has happened\u2026 Rest in peace Bjorg&#8230; &#x2764;&#xfe0f; <a href=\"https:\/\/t.co\/9u9LZkp2Rt\" rel=\"nofollow\" target=\"_blank\">pic.twitter.com\/9u9LZkp2Rt<\/a><\/p>\n<p>\u2014 Lotto Soudal (@Lotto_Soudal) <a href=\"https:\/\/twitter.com\/Lotto_Soudal\/status\/1158422647287504899?ref_src=twsrc%5Etfw\" rel=\"nofollow noopener\" target=\"_blank\">August 5, 2019<\/a><\/p><\/blockquote>\n<p style=\"text-align: justify;\"><script async src=\"https:\/\/platform.twitter.com\/widgets.js\" charset=\"utf-8\"><\/script><\/p>\n<p style=\"text-align: justify;\">Una triste noticia para el ciclismo y para el deporte. DEP<\/p>\n<p style=\"text-align: justify;\">\n","protected":false},"excerpt":{"rendered":"<p>Bjorg Lambrecht, ciclista del equipo Lotto-Soudal, sufri\u00f3 un aparatoso accidente en\u00a0en el transcurso de la tercera etapa de la Vuelta a Polonia por el que se habr\u00eda golpeado la cabeza con una alcantarilla. Seg\u00fan recoje atres, Lambrecht falleci\u00f3 en la mesa de operaciones. En declaraciones a los medios polacos,\u00a0Micha\u0142 Siero\u0144, portavoz del centro hospitalario comento [&hellip;]<\/p>\n","protected":false},"author":2,"featured_media":63642,"comment_status":"closed","ping_status":"closed","sticky":false,"template":"","format":"standard","meta":{"_acf_changed":false,"rank_math_lock_modified_date":false,"footnotes":""},"categories":[17],"tags":[7107],"class_list":{"0":"post-63641","1":"post","2":"type-post","3":"status-publish","4":"format-standard","5":"has-post-thumbnail","7":"category-actualidad","8":"tag-bjorg-lambrecht"},"acf":[],"_links":{"self":[{"href":"https:\/\/miurltemporal.com/main/triatletasenred.sport.es\/wp-json\/wp\/v2\/posts\/63641"}],"collection":[{"href":"https:\/\/miurltemporal.com/main/triatletasenred.sport.es\/wp-json\/wp\/v2\/posts"}],"about":[{"href":"https:\/\/miurltemporal.com/main/triatletasenred.sport.es\/wp-json\/wp\/v2\/types\/post"}],"author":[{"embeddable":true,"href":"https:\/\/miurltemporal.com/main/triatletasenred.sport.es\/wp-json\/wp\/v2\/users\/2"}],"replies":[{"embeddable":true,"href":"https:\/\/miurltemporal.com/main/triatletasenred.sport.es\/wp-json\/wp\/v2\/comments?post=63641"}],"version-history":[{"count":0,"href":"https:\/\/miurltemporal.com/main/triatletasenred.sport.es\/wp-json\/wp\/v2\/posts\/63641\/revisions"}],"wp:featuredmedia":[{"embeddable":true,"href":"https:\/\/miurltemporal.com/main/triatletasenred.sport.es\/wp-json\/wp\/v2\/media\/63642"}],"wp:attachment":[{"href":"https:\/\/miurltemporal.com/main/triatletasenred.sport.es\/wp-json\/wp\/v2\/media?parent=63641"}],"wp:term":[{"taxonomy":"category","embeddable":true,"href":"https:\/\/miurltemporal.com/main/triatletasenred.sport.es\/wp-json\/wp\/v2\/categories?post=63641"},{"taxonomy":"post_tag","embeddable":true,"href":"https:\/\/miurltemporal.com/main/triatletasenred.sport.es\/wp-json\/wp\/v2\/tags?post=63641"}],"curies":[{"name":"wp","href":"https:\/\/api.w.org\/{rel}","templated":true}]}}