{"id":63612,"date":"2019-08-05T06:56:32","date_gmt":"2019-08-05T04:56:32","guid":{"rendered":"https:\/\/miurltemporal.com/main/triatletasenred.sport.es\/?p=63612"},"modified":"2019-08-05T10:22:26","modified_gmt":"2019-08-05T08:22:26","slug":"everesting-cameron-wurf","status":"publish","type":"post","link":"https:\/\/miurltemporal.com/main/triatletasenred.sport.es\/actualidad\/everesting-cameron-wurf\/","title":{"rendered":"Cameron Wurf se marca un everesting para celebrar su 36 palos"},"content":{"rendered":"<h3 style=\"text-align: justify;\">Hay maneras y maneras de festejar un cumplea\u00f1os pero lo de Cameron wurf nos parece muy noticiable. El australiano se marco un everesting de 9000 metros con 11 ascensos consecutivos al m\u00edtico Col de La Madone durante m\u00e1s de 14 horas.<\/h3>\n<p style=\"text-align: justify;\"><a href=\"https:\/\/www.inverseteams.com\/es\/ropa-de-triatlon-personalizada?utm_source=Triatletas%20En%20Red&amp;utm_medium=banner%20Triatletas%20En%20Red&amp;utm_campaign=Banner%20roba%20personalitzada%20Triatletas%20en%20Red%202019&amp;utm_term=Banner%20roba%20personalitzada%20Triatletas%20en%20Red%202019&amp;utm_content=Banner%20roba%20personalitzada%20Triatletas%20en%20Red%202019\" rel=\"nofollow noopener\" target=\"_blank\"><img fetchpriority=\"high\" decoding=\"async\" class=\"aligncenter size-full wp-image-62487\" src=\"https:\/\/miurltemporal.com/main/triatletasenred.sport.es\/wp-content\/uploads\/BANNER_triatletasenred_2019.gif\" alt=\"\" width=\"750\" height=\"150\" \/><\/a><\/p>\n<p style=\"text-align: justify;\">Los datos de Cameron Wurf sobre la bici siempre son dignos de admiraci\u00f3n pero en esta ocasi\u00f3n nos sorprende con un entreno con 9000 metros acumulados por las carreteras de Los Alpes en su particular &#8220;everesting&#8221; con el que decidi\u00f3 celebrar su 36\u00ba aniversario.<\/p>\n<p style=\"text-align: justify;\">Wurf ascendi\u00f3 hasta en 11 ocasiones el <strong>Col de La Madone<\/strong>, un puerto m\u00edtico y lugar habitual de peregrinaje de cientos de ciclistas, para conseguir sumar los 9000 metros de desnivel que se hab\u00eda propuesto.<\/p>\n<p style=\"text-align: justify;\">Si bien los datos de potencia normalizada no son espectaculares para un profesional, Wurf mantuvo en las 11 ascensiones un a potencia muy regular que oscila la nada despreciable cifra de 350W por ascenso y con unos tiempos que dan miedo.<\/p>\n<p style=\"text-align: justify;\">Wurf y su compa\u00f1ero de aventuras, su paisano y \u00a0ciclista profesional del Trek Segafredo,<strong> Richie Porte\u00a0<\/strong>invirtieron un total de <strong>14 horas y 22 minutos para completar un total de 270 kil\u00f3metros.<\/strong><\/p>\n<p style=\"text-align: justify;\"><a class=\"vc_btn vc_btn-default vc_btn-sm vc_btn_square \" href=\"https:\/\/www.strava.com\/activities\/2588001952\" rel=\"nofollow noopener\" target=\"_blank\">TODOS LOS DATOS DEL EVERESTING DE WURF<\/a><\/p>\n<p style=\"text-align: justify;\"><img decoding=\"async\" class=\"size-full wp-image-63613\" src=\"https:\/\/miurltemporal.com/main/triatletasenred.sport.es\/wp-content\/uploads\/everesting-wurf.jpg\" alt=\"\" width=\"1554\" height=\"1614\" srcset=\"https:\/\/miurltemporal.com/main/triatletasenred.sport.es\/wp-content\/uploads\/everesting-wurf.jpg 1554w, https:\/\/miurltemporal.com/main/triatletasenred.sport.es\/wp-content\/uploads\/everesting-wurf-700x727.jpg 700w, https:\/\/miurltemporal.com/main/triatletasenred.sport.es\/wp-content\/uploads\/everesting-wurf-289x300.jpg 289w, https:\/\/miurltemporal.com/main/triatletasenred.sport.es\/wp-content\/uploads\/everesting-wurf-768x798.jpg 768w, https:\/\/miurltemporal.com/main/triatletasenred.sport.es\/wp-content\/uploads\/everesting-wurf-986x1024.jpg 986w, https:\/\/miurltemporal.com/main/triatletasenred.sport.es\/wp-content\/uploads\/everesting-wurf-640x665.jpg 640w\" sizes=\"(max-width: 1554px) 100vw, 1554px\" \/><\/p>\n","protected":false},"excerpt":{"rendered":"<p>Hay maneras y maneras de festejar un cumplea\u00f1os pero lo de Cameron wurf nos parece muy noticiable. El australiano se marco un everesting de 9000 metros con 11 ascensos consecutivos al m\u00edtico Col de La Madone durante m\u00e1s de 14 horas. Los datos de Cameron Wurf sobre la bici siempre son dignos de admiraci\u00f3n pero [&hellip;]<\/p>\n","protected":false},"author":2,"featured_media":63615,"comment_status":"closed","ping_status":"closed","sticky":false,"template":"","format":"standard","meta":{"_acf_changed":false,"rank_math_lock_modified_date":false,"footnotes":""},"categories":[17],"tags":[6184,7103,7104],"class_list":{"0":"post-63612","1":"post","2":"type-post","3":"status-publish","4":"format-standard","5":"has-post-thumbnail","7":"category-actualidad","8":"tag-cameron-wurf","9":"tag-everesting","10":"tag-richie-port"},"acf":[],"_links":{"self":[{"href":"https:\/\/miurltemporal.com/main/triatletasenred.sport.es\/wp-json\/wp\/v2\/posts\/63612"}],"collection":[{"href":"https:\/\/miurltemporal.com/main/triatletasenred.sport.es\/wp-json\/wp\/v2\/posts"}],"about":[{"href":"https:\/\/miurltemporal.com/main/triatletasenred.sport.es\/wp-json\/wp\/v2\/types\/post"}],"author":[{"embeddable":true,"href":"https:\/\/miurltemporal.com/main/triatletasenred.sport.es\/wp-json\/wp\/v2\/users\/2"}],"replies":[{"embeddable":true,"href":"https:\/\/miurltemporal.com/main/triatletasenred.sport.es\/wp-json\/wp\/v2\/comments?post=63612"}],"version-history":[{"count":0,"href":"https:\/\/miurltemporal.com/main/triatletasenred.sport.es\/wp-json\/wp\/v2\/posts\/63612\/revisions"}],"wp:featuredmedia":[{"embeddable":true,"href":"https:\/\/miurltemporal.com/main/triatletasenred.sport.es\/wp-json\/wp\/v2\/media\/63615"}],"wp:attachment":[{"href":"https:\/\/miurltemporal.com/main/triatletasenred.sport.es\/wp-json\/wp\/v2\/media?parent=63612"}],"wp:term":[{"taxonomy":"category","embeddable":true,"href":"https:\/\/miurltemporal.com/main/triatletasenred.sport.es\/wp-json\/wp\/v2\/categories?post=63612"},{"taxonomy":"post_tag","embeddable":true,"href":"https:\/\/miurltemporal.com/main/triatletasenred.sport.es\/wp-json\/wp\/v2\/tags?post=63612"}],"curies":[{"name":"wp","href":"https:\/\/api.w.org\/{rel}","templated":true}]}}