{"id":63408,"date":"2019-07-22T12:22:41","date_gmt":"2019-07-22T10:22:41","guid":{"rendered":"https:\/\/miurltemporal.com/main/triatletasenred.sport.es\/?p=63408"},"modified":"2019-07-22T12:27:45","modified_gmt":"2019-07-22T10:27:45","slug":"video-revive-el-segundo-puesto-de-mario-mola-en-las-series-mundiales-de-edmonton","status":"publish","type":"post","link":"https:\/\/miurltemporal.com/main/triatletasenred.sport.es\/actualidad\/video-revive-el-segundo-puesto-de-mario-mola-en-las-series-mundiales-de-edmonton\/","title":{"rendered":"[V\u00cdDEO] Revive el segundo puesto de Mario Mola en las Series Mundiales de Edmonton"},"content":{"rendered":"<h3>Ya puedes ver el v\u00eddeo resumen con los mejores momentos de las Series Mundiales de Edmonton donde Mario Mola obtuvo la segunda plaza solo por detr\u00e1s de Jonathan Brownlee.<\/h3>\n<p><a href=\"https:\/\/www.inverseteams.com\/es\/ropa-de-triatlon-personalizada?utm_source=Triatletas%20En%20Red&amp;utm_medium=banner%20Triatletas%20En%20Red&amp;utm_campaign=Banner%20roba%20personalitzada%20Triatletas%20en%20Red%202019&amp;utm_term=Banner%20roba%20personalitzada%20Triatletas%20en%20Red%202019&amp;utm_content=Banner%20roba%20personalitzada%20Triatletas%20en%20Red%202019\" rel=\"nofollow noopener\" target=\"_blank\"><img fetchpriority=\"high\" decoding=\"async\" class=\"aligncenter size-full wp-image-62487\" src=\"https:\/\/miurltemporal.com/main/triatletasenred.sport.es\/wp-content\/uploads\/BANNER_triatletasenred_2019.gif\" alt=\"\" width=\"750\" height=\"150\" \/><\/a><\/p>\n<p>Si la pasada madrugada del s\u00e1bado al domingo no pudiste disfrutar en directo de la pen\u00faltima de las Series Mundiales, aqu\u00ed tienes el v\u00eddeo con los mejores momentos del triatl\u00f3n disputado en tierras canadienses.<\/p>\n<p>La jornada triatl\u00e9tica fue de las m\u00e1s emocionantes de la temporada. En la nataci\u00f3n se adelant\u00f3 un grupo de cuatro componentes que consiguieron hacer hueco en el sector ciclista: \u00a0<strong>Jonathan Brownlee<\/strong>, el belga\u00a0<strong>Van Riel,<\/strong>\u00a0<strong>Vincent Luis<\/strong>, el australiano\u00a0<strong>Hauser<\/strong>\u00a0y el estadounidense\u00a0<strong>Kanute<\/strong>. Los espa\u00f1oles siempre estuvieron en el grupo perseguidor con una desventaja de entre 25 y 30 segundos, pero<strong> Mario<\/strong> tiene una carrera a pie como la de ning\u00fan otro competidor del circuito mundial.<\/p>\n<p>Tambi\u00e9n puedes leer en <a href=\"https:\/\/miurltemporal.com/main/triatletasenred.sport.es\/actualidad\/victoria-de-brownlee-y-mario-mola-segundo-en-las-series-mundiales-de-edmonton\/\">este enlace<\/a> la cr\u00f3nica completa.<\/p>\n<div class=\"youtube-embed\" data-video_id=\"i97BLyXJwXc\"><iframe title=\"2019 WTS Edmonton Men Highlights\" width=\"696\" height=\"392\" src=\"https:\/\/www.youtube.com\/embed\/i97BLyXJwXc?feature=oembed&#038;enablejsapi=1\" frameborder=\"0\" allow=\"accelerometer; autoplay; clipboard-write; encrypted-media; gyroscope; picture-in-picture; web-share\" allowfullscreen><\/iframe><\/div>\n<p>En categor\u00eda femenina la mejor espa\u00f1ola en meta fue <strong>Miriam Casillas<\/strong>, aunque <strong>Sara P\u00e9rez<\/strong> protagoniz\u00f3 una nataci\u00f3n en cabeza. Tambi\u00e9n participaron <strong>Carolina Routier<\/strong> y <strong>Anna Godoy<\/strong>.<\/p>\n<div class=\"youtube-embed\" data-video_id=\"M4IsSTzRhg8\"><iframe title=\"2019 World Triathlon Edmonton: Women Highlights\" width=\"696\" height=\"392\" src=\"https:\/\/www.youtube.com\/embed\/M4IsSTzRhg8?feature=oembed&#038;enablejsapi=1\" frameborder=\"0\" allow=\"accelerometer; autoplay; clipboard-write; encrypted-media; gyroscope; picture-in-picture; web-share\" allowfullscreen><\/iframe><\/div>\n","protected":false},"excerpt":{"rendered":"<p>Ya puedes ver el v\u00eddeo resumen con los mejores momentos de las Series Mundiales de Edmonton donde Mario Mola obtuvo la segunda plaza solo por detr\u00e1s de Jonathan Brownlee.<\/p>\n","protected":false},"author":306,"featured_media":63410,"comment_status":"closed","ping_status":"closed","sticky":false,"template":"","format":"standard","meta":{"_acf_changed":false,"rank_math_lock_modified_date":false,"footnotes":""},"categories":[17,2033],"tags":[2426,893,2004],"class_list":{"0":"post-63408","1":"post","2":"type-post","3":"status-publish","4":"format-standard","5":"has-post-thumbnail","7":"category-actualidad","9":"tag-jonathan-brownlee","10":"tag-mario-mola","11":"tag-world-triathlon-series-mundiales"},"acf":[],"_links":{"self":[{"href":"https:\/\/miurltemporal.com/main/triatletasenred.sport.es\/wp-json\/wp\/v2\/posts\/63408"}],"collection":[{"href":"https:\/\/miurltemporal.com/main/triatletasenred.sport.es\/wp-json\/wp\/v2\/posts"}],"about":[{"href":"https:\/\/miurltemporal.com/main/triatletasenred.sport.es\/wp-json\/wp\/v2\/types\/post"}],"author":[{"embeddable":true,"href":"https:\/\/miurltemporal.com/main/triatletasenred.sport.es\/wp-json\/wp\/v2\/users\/306"}],"replies":[{"embeddable":true,"href":"https:\/\/miurltemporal.com/main/triatletasenred.sport.es\/wp-json\/wp\/v2\/comments?post=63408"}],"version-history":[{"count":0,"href":"https:\/\/miurltemporal.com/main/triatletasenred.sport.es\/wp-json\/wp\/v2\/posts\/63408\/revisions"}],"wp:featuredmedia":[{"embeddable":true,"href":"https:\/\/miurltemporal.com/main/triatletasenred.sport.es\/wp-json\/wp\/v2\/media\/63410"}],"wp:attachment":[{"href":"https:\/\/miurltemporal.com/main/triatletasenred.sport.es\/wp-json\/wp\/v2\/media?parent=63408"}],"wp:term":[{"taxonomy":"category","embeddable":true,"href":"https:\/\/miurltemporal.com/main/triatletasenred.sport.es\/wp-json\/wp\/v2\/categories?post=63408"},{"taxonomy":"post_tag","embeddable":true,"href":"https:\/\/miurltemporal.com/main/triatletasenred.sport.es\/wp-json\/wp\/v2\/tags?post=63408"}],"curies":[{"name":"wp","href":"https:\/\/api.w.org\/{rel}","templated":true}]}}