{"id":63401,"date":"2019-07-22T01:57:11","date_gmt":"2019-07-21T23:57:11","guid":{"rendered":"https:\/\/miurltemporal.com/main/triatletasenred.sport.es\/?p=63401"},"modified":"2019-07-22T02:18:08","modified_gmt":"2019-07-22T00:18:08","slug":"la-triarmada-repite-sexto-puesto-en-el-relevo-mixto-de-las-series-mundiales","status":"publish","type":"post","link":"https:\/\/miurltemporal.com/main/triatletasenred.sport.es\/actualidad\/la-triarmada-repite-sexto-puesto-en-el-relevo-mixto-de-las-series-mundiales\/","title":{"rendered":"La #TriArmada repite sexto puesto en el relevo mixto de las Series Mundiales"},"content":{"rendered":"<h3>La selecci\u00f3n espa\u00f1ola de relevo mixto finaliza en sexta posici\u00f3n en la prueba de relevo mixto en las Series Mundiales de Edmonton.<\/h3>\n<p><a href=\"https:\/\/www.inverseteams.com\/es\/ropa-de-triatlon-personalizada?utm_source=Triatletas%20En%20Red&amp;utm_medium=banner%20Triatletas%20En%20Red&amp;utm_campaign=Banner%20roba%20personalitzada%20Triatletas%20en%20Red%202019&amp;utm_term=Banner%20roba%20personalitzada%20Triatletas%20en%20Red%202019&amp;utm_content=Banner%20roba%20personalitzada%20Triatletas%20en%20Red%202019\" rel=\"nofollow noopener\" target=\"_blank\"><img fetchpriority=\"high\" decoding=\"async\" class=\"aligncenter size-full wp-image-62487\" src=\"https:\/\/miurltemporal.com/main/triatletasenred.sport.es\/wp-content\/uploads\/BANNER_triatletasenred_2019.gif\" alt=\"\" width=\"750\" height=\"150\" \/><\/a><\/p>\n<p>Un d\u00eda despu\u00e9s de las Series Mundiales en su versi\u00f3n individual nos toca disfrutar de un formato que contin\u00faa cobrando relevancia: el relevo mixto de dos chicas y dos chicos que tienen que hacer un triatl\u00f3n de 300m de nado, 7km de bici y 1,7k de carrera.<\/p>\n<p>El equipo espa\u00f1ol est\u00e1 formado por <strong>Anna Godoy, Fernando Alarza, Miriam Casillas y Roberto S\u00e1nchez Mantec\u00f3n.<\/strong><\/p>\n<p>Despu\u00e9s del desfile de las diferentes escuadras participantes, las primeras relevistas de sit\u00faan en el pont\u00f3n de salida. Anna es la primera de las nuestras y nos brinda una buena nataci\u00f3n saliendo en un grupo de cuatro junto a USA, Gran Breta\u00f1a y Holanda. En la bici pierde posiciones hasta la 11\u00aa pero recupera dos puestos en la carrera para entregar su posta a <strong>Fernando Alarza<\/strong> en 9\u00aa posici\u00f3n.<\/p>\n<p>Fernando mantiene esa novena posici\u00f3n en todo su relevo para entregar en el mismo lugar a <strong>Miriam Casillas,<\/strong> que realiza una incre\u00edble\u00a0remontada de la novena a la sexta plaza. La extreme\u00f1a realiza un espectacular segmento ciclista, recortando m\u00e1s de 20 segundos.<\/p>\n<p>Tras el tercer relevo, el neozeland\u00e9s <strong>Wilde<\/strong>\u00a0comienza muy fuerte. Salen a la vez del agua el brit\u00e1nico <strong>Benson<\/strong>, el neozeland\u00e9s <strong>Wilde<\/strong>, el estadounidense <strong>Morgan Pearson<\/strong> y el australiano <strong>Hauser<\/strong>. Posteriormente, el italiano y el espa\u00f1ol <strong>Roberto S\u00e1nchez Mantec\u00f3n.\u00a0<\/strong><\/p>\n<p>Sobre la bici corren <strong>Wilde y Benson<\/strong> en cabeza de carrera y, detr\u00e1s, <strong>Hauser<\/strong> junto con el Pearson. Los primeros en llegar a la T2 son<strong> Wilde y Benson.<\/strong> En tercer lugar el australiano <strong>Hauser<\/strong> sale a la caza en la carrera a pie.<\/p>\n<p>El ritmo impuesto por el neozeland\u00e9s es inalcanzable para los triatletas que lo siguen. Finalmente, los cuatro neozelandeses celebran la victoria a la llegada de <strong>Wilde<\/strong> a meta. En segundo lugar, los brit\u00e1nicos. El bronce es finalmente para los estadounidenses. En cuarto lugar, llega a meta el australiano.<\/p>\n<p><strong>Roberto S\u00e1nchez Mantec\u00f3n<\/strong> entra en sexta posici\u00f3n. Espa\u00f1a repite, de esta manera, el sexto lugar en relevos mixtos en las Series Mundiales.<\/p>\n<p>&nbsp;<\/p>\n<p>&nbsp;<\/p>\n<p>&nbsp;<\/p>\n<p>&nbsp;<\/p>\n","protected":false},"excerpt":{"rendered":"<p>La selecci\u00f3n espa\u00f1ola de relevo mixto finaliza en sexta posici\u00f3n en la prueba de relevo mixto en las Series Mundiales de Edmonton.<\/p>\n","protected":false},"author":307,"featured_media":63405,"comment_status":"closed","ping_status":"closed","sticky":false,"template":"","format":"standard","meta":{"_acf_changed":false,"rank_math_lock_modified_date":false,"footnotes":""},"categories":[17,2033],"tags":[609,299,2891,7082,2865,7087],"class_list":{"0":"post-63401","1":"post","2":"type-post","3":"status-publish","4":"format-standard","5":"has-post-thumbnail","7":"category-actualidad","8":"category-sport","9":"tag-alarza","10":"tag-anna-godoy","11":"tag-casillas","12":"tag-mantecon","13":"tag-relevos-mixtos","14":"tag-series-mundiales-edmonton"},"acf":[],"_links":{"self":[{"href":"https:\/\/miurltemporal.com/main/triatletasenred.sport.es\/wp-json\/wp\/v2\/posts\/63401"}],"collection":[{"href":"https:\/\/miurltemporal.com/main/triatletasenred.sport.es\/wp-json\/wp\/v2\/posts"}],"about":[{"href":"https:\/\/miurltemporal.com/main/triatletasenred.sport.es\/wp-json\/wp\/v2\/types\/post"}],"author":[{"embeddable":true,"href":"https:\/\/miurltemporal.com/main/triatletasenred.sport.es\/wp-json\/wp\/v2\/users\/307"}],"replies":[{"embeddable":true,"href":"https:\/\/miurltemporal.com/main/triatletasenred.sport.es\/wp-json\/wp\/v2\/comments?post=63401"}],"version-history":[{"count":0,"href":"https:\/\/miurltemporal.com/main/triatletasenred.sport.es\/wp-json\/wp\/v2\/posts\/63401\/revisions"}],"wp:featuredmedia":[{"embeddable":true,"href":"https:\/\/miurltemporal.com/main/triatletasenred.sport.es\/wp-json\/wp\/v2\/media\/63405"}],"wp:attachment":[{"href":"https:\/\/miurltemporal.com/main/triatletasenred.sport.es\/wp-json\/wp\/v2\/media?parent=63401"}],"wp:term":[{"taxonomy":"category","embeddable":true,"href":"https:\/\/miurltemporal.com/main/triatletasenred.sport.es\/wp-json\/wp\/v2\/categories?post=63401"},{"taxonomy":"post_tag","embeddable":true,"href":"https:\/\/miurltemporal.com/main/triatletasenred.sport.es\/wp-json\/wp\/v2\/tags?post=63401"}],"curies":[{"name":"wp","href":"https:\/\/api.w.org\/{rel}","templated":true}]}}