{"id":63396,"date":"2019-07-21T17:36:03","date_gmt":"2019-07-21T15:36:03","guid":{"rendered":"https:\/\/miurltemporal.com/main/triatletasenred.sport.es\/?p=63396"},"modified":"2019-07-21T19:11:50","modified_gmt":"2019-07-21T17:11:50","slug":"doblete-suizo-en-el-ironman-de-zurich","status":"publish","type":"post","link":"https:\/\/miurltemporal.com/main/triatletasenred.sport.es\/actualidad\/doblete-suizo-en-el-ironman-de-zurich\/","title":{"rendered":"Doblete suizo en el Ironman de Zurich"},"content":{"rendered":"<h3>El <strong>Ironman de Suiza<\/strong> disfruta del doblete de sus compatriotas Jan Van Berkel y Sven Riederer en su \u00faltimo a\u00f1o en la cuidad de Zurich.<\/h3>\n<p><a href=\"https:\/\/www.inverseteams.com\/es\/ropa-de-triatlon-personalizada?utm_source=Triatletas%20En%20Red&amp;utm_medium=banner%20Triatletas%20En%20Red&amp;utm_campaign=Banner%20roba%20personalitzada%20Triatletas%20en%20Red%202019&amp;utm_term=Banner%20roba%20personalitzada%20Triatletas%20en%20Red%202019&amp;utm_content=Banner%20roba%20personalitzada%20Triatletas%20en%20Red%202019\" rel=\"nofollow noopener\" target=\"_blank\"><img fetchpriority=\"high\" decoding=\"async\" class=\"aligncenter size-full wp-image-62487\" src=\"https:\/\/miurltemporal.com/main/triatletasenred.sport.es\/wp-content\/uploads\/BANNER_triatletasenred_2019.gif\" alt=\"\" width=\"750\" height=\"150\" \/><\/a><\/p>\n<p>El \u00faltimo\u00a0<strong>Ironman de Zurich\u00a0<\/strong>-el pr\u00f3ximo a\u00f1o de traslada a Thun- comenzaba bien para<strong> Iv\u00e1n Ra\u00f1a<\/strong>, que marchaba decidido a por una de las preciadas plazas para Kona. Sal\u00eda en el primer grupo del agua junto a los suizos <strong>Van Berkel, Riederer <\/strong>y<strong> Wild, <\/strong>el alem\u00e1n<strong> Kramer, <\/strong>el taiwan\u00e9s <strong>Hsieh<\/strong> y el franc\u00e9s<strong> Viennot.<\/strong><\/p>\n<p>Tras la T1 se forma un grupo con los m\u00e1s fuertes en bici que se reduce a cinco componentes en el km.30: <strong>Van Berkel<\/strong> liderando y detr\u00e1s<strong> Iv\u00e1n<\/strong> con <strong>Kramer, Riederer <\/strong>y<strong> Viennot<\/strong>. Las cosas marchan bien para el gallego.<\/p>\n<p>El quinteto se mantiene junto muchos kil\u00f3metros hasta que en el km. 110 comienza a sufrir el de <strong>Ordes<\/strong>, que pasa a 4:08 de cabeza.<\/p>\n<p>A partir de ese momento la bici se pone cuesta arriba para<strong> Iv\u00e1n<\/strong>. Llega a la T2 en 9\u00aa posici\u00f3n a 16:23 de <strong>Van<\/strong>\u00a0<strong>Berkel<\/strong> que lidera la carrera a pie junto su compatriota <strong>Riederer<\/strong>.<\/p>\n<p>Top9 en la T2:<\/p>\n<p>1 Van Berkel, Jan (SUI) 05:28:43<br \/>\n2 Riederer, Sven (SUI) +00:05<br \/>\n3 Kramer, Christian (GER) +00:10<br \/>\n4 Viennot, Cyril (FRA) +00:53<br \/>\n5 Schildknecht, Ronnie (SUI) +07:49<br \/>\n6 Huerzeler, Samuel (SUI) +12:29<br \/>\n7 Collins, Damien (AUS) +14:37<br \/>\n8 Portmann, Kevin (FRA) +15:30<br \/>\n9 Ra\u00f1a, Ivan (ESP) +16:23<\/p>\n<p>Los suizos <strong>Van Berkel<\/strong>, \u00e9ste \u00faltimo defendiendo el t\u00edtulo, y <strong>Riederer<\/strong> est\u00e1n corriendo muy bien adem\u00e1s de estar arropados por su p\u00fablico.<\/p>\n<p>Finalmente gana <strong>Van Berkel<\/strong> con un tiempo de 8:17:04, segundo <strong>Sven Riederer<\/strong> con 8:24:07 y tercero el franc\u00e9s <strong>Cyril Viennot<\/strong> con 8:31:03.<\/p>\n<p><strong>Iv\u00e1n<\/strong> sucumbi\u00f3 finalmente en la carrera. A partir del km.10,5 dejamos de tener referencias y en el km. 13 abandona.<\/p>\n<p>La clasificaci\u00f3n final PRO masculia:<\/p>\n<p>1 Van Berkel, Jan (SUI) 08:17:04<br \/>\n2 Riederer, Sven (SUI) 08:24:07<br \/>\n3 Viennot, Cyril (FRA) 08:31:03<br \/>\n4 Collins, Damien (AUS) 08:34:43<br \/>\n5 Schildknecht, Ronnie (SUI) 08:37:53<br \/>\n6 Kramer, Christian (GER) 08:38:11<br \/>\n7 Huerzeler, Samuel (SUI) 08:39:29<br \/>\n8 Portmann, Kevin (FRA) 08:52:24<br \/>\n9 Gm\u00fcnder, Gabriel (SUI) 08:52:38<br \/>\n10 Rahn, Fabian (GER) 08:55:44<\/p>\n","protected":false},"excerpt":{"rendered":"<p>El Ironman de Suiza disfruta del doblete de sus compatriotas Jan Van Berkel y Sven Riederer en su \u00faltimo a\u00f1o en la cuidad de Zurich.<\/p>\n","protected":false},"author":306,"featured_media":63397,"comment_status":"closed","ping_status":"closed","sticky":false,"template":"","format":"standard","meta":{"_acf_changed":false,"rank_math_lock_modified_date":false,"footnotes":""},"categories":[17],"tags":[7084,2572,403,7085,7086],"class_list":{"0":"post-63396","1":"post","2":"type-post","3":"status-publish","4":"format-standard","5":"has-post-thumbnail","7":"category-actualidad","8":"tag-ironman-de-suiza","9":"tag-ironman-zurich","10":"tag-ivan-rana","11":"tag-jan-van-berkel","12":"tag-sven-riederer"},"acf":[],"_links":{"self":[{"href":"https:\/\/miurltemporal.com/main/triatletasenred.sport.es\/wp-json\/wp\/v2\/posts\/63396"}],"collection":[{"href":"https:\/\/miurltemporal.com/main/triatletasenred.sport.es\/wp-json\/wp\/v2\/posts"}],"about":[{"href":"https:\/\/miurltemporal.com/main/triatletasenred.sport.es\/wp-json\/wp\/v2\/types\/post"}],"author":[{"embeddable":true,"href":"https:\/\/miurltemporal.com/main/triatletasenred.sport.es\/wp-json\/wp\/v2\/users\/306"}],"replies":[{"embeddable":true,"href":"https:\/\/miurltemporal.com/main/triatletasenred.sport.es\/wp-json\/wp\/v2\/comments?post=63396"}],"version-history":[{"count":0,"href":"https:\/\/miurltemporal.com/main/triatletasenred.sport.es\/wp-json\/wp\/v2\/posts\/63396\/revisions"}],"wp:featuredmedia":[{"embeddable":true,"href":"https:\/\/miurltemporal.com/main/triatletasenred.sport.es\/wp-json\/wp\/v2\/media\/63397"}],"wp:attachment":[{"href":"https:\/\/miurltemporal.com/main/triatletasenred.sport.es\/wp-json\/wp\/v2\/media?parent=63396"}],"wp:term":[{"taxonomy":"category","embeddable":true,"href":"https:\/\/miurltemporal.com/main/triatletasenred.sport.es\/wp-json\/wp\/v2\/categories?post=63396"},{"taxonomy":"post_tag","embeddable":true,"href":"https:\/\/miurltemporal.com/main/triatletasenred.sport.es\/wp-json\/wp\/v2\/tags?post=63396"}],"curies":[{"name":"wp","href":"https:\/\/api.w.org\/{rel}","templated":true}]}}