{"id":63380,"date":"2019-07-21T02:32:58","date_gmt":"2019-07-21T00:32:58","guid":{"rendered":"https:\/\/miurltemporal.com/main/triatletasenred.sport.es\/?p=63380"},"modified":"2019-07-21T03:44:32","modified_gmt":"2019-07-21T01:44:32","slug":"victoria-de-brownlee-y-mario-mola-segundo-en-las-series-mundiales-de-edmonton","status":"publish","type":"post","link":"https:\/\/miurltemporal.com/main/triatletasenred.sport.es\/actualidad\/victoria-de-brownlee-y-mario-mola-segundo-en-las-series-mundiales-de-edmonton\/","title":{"rendered":"Victoria de Brownlee y Mario Mola segundo en las Series Mundiales de Edmonton"},"content":{"rendered":"<h3>Jonathan Brownlee celebra su victoria y Mario Mola logra una segunda posici\u00f3n tras una espectacular remontada. En categor\u00eda femenina, victoria para la australiana Jackson.<\/h3>\n<p><a href=\"https:\/\/www.inverseteams.com\/es\/ropa-de-triatlon-personalizada?utm_source=Triatletas%20En%20Red&amp;utm_medium=banner%20Triatletas%20En%20Red&amp;utm_campaign=Banner%20roba%20personalitzada%20Triatletas%20en%20Red%202019&amp;utm_term=Banner%20roba%20personalitzada%20Triatletas%20en%20Red%202019&amp;utm_content=Banner%20roba%20personalitzada%20Triatletas%20en%20Red%202019\" rel=\"nofollow noopener\" target=\"_blank\"><img fetchpriority=\"high\" decoding=\"async\" class=\"aligncenter size-full wp-image-62487\" src=\"https:\/\/miurltemporal.com/main/triatletasenred.sport.es\/wp-content\/uploads\/BANNER_triatletasenred_2019.gif\" alt=\"\" width=\"750\" height=\"150\" \/><\/a><\/p>\n<p>Edmonton acoge la pen\u00faltima prueba del circuito mundial de triatl\u00f3n en el que tres espa\u00f1oles, <strong>G\u00f3mez, Alarza<\/strong> y<strong> Mola<\/strong>, se encuentran el el top10.<\/p>\n<p><strong>Categor\u00eda masculina<\/strong><\/p>\n<p>En esta prueba los cinco triatletas que lideran la clasificaci\u00f3n del Mundial poseen los cinco resultados que necesitan por lo que <strong>Edmonton<\/strong> sirve de escenario para intentar deshacerse de su peor resultado.<\/p>\n<p>El franc\u00e9s <strong>Vincent Luis<\/strong>\u00a0comienza liderando en el segmento de nataci\u00f3n, seguido del belga <strong>Van Riel<\/strong>. El primero en salir del agua es el franc\u00e9s con un parcial de 8:30. Los espa\u00f1oles no hacen su mejor nataci\u00f3n y salen a m\u00e1s de 20 segundos de cabeza. Tras la T1 se forma un grupo cabecero con <strong>Jonathan Brownlee<\/strong>, el belga <strong>Van Riel,<\/strong> <strong>Vincent Luis<\/strong>, el australiano <strong>Hauser<\/strong> y el estadounidense <strong>Kanute<\/strong>.<\/p>\n<p>En el grupo perseguidor se encuentran\u00a0<strong>G\u00f3mez, Alarza,\u00a0<\/strong><strong>Mola y Serrat<\/strong>, y en la primera vuelta pierden ya 29&#8243;. Por delante, el excelente ciclista<strong> Van Riel<\/strong> asume la responsabilidad de tirar del quinteto mientras por detr\u00e1s, es otro belga, <strong>Geens<\/strong>, el que vemos muy activo en las labores de caza. Pese a los esfuerzos por recortar, el pelot\u00f3n solo consigue rebajar en 5 segundos su desventaja en lo que resta de sector ciclista.<\/p>\n<p>El primero en llegar a la T2 es el franc\u00e9s <strong>Vincent Luis<\/strong> con los otros cuatro del quinto l\u00edder y es el \u00faltimo del grupo cabecero en salir a correr. En ese momento\u00a0se produce una ca\u00edda en bici que alcanza a <strong>Javier G\u00f3mez Noya, <\/strong>actual segundo en la clasificaci\u00f3n mundial. A pesar de haber sido una ca\u00edda a cierta velocidad, no provoca ninguna lesi\u00f3n en el gallego pero se ve obligado a abandonar.<\/p>\n<p>R\u00e1pidamente, se sit\u00faa el brit\u00e1nico <strong>Brownlee<\/strong> en cabeza. En el grupo perseguidor, la visera de <strong>Mario Mola<\/strong> asoma en primer lugar. A falta de 3,5kms de carrera, se escapan <strong>Jonathan Brownlee <\/strong>y<strong> Van Riel<\/strong>, que intenta seguir el ritmo del brit\u00e1nico y que evidencia claros signos de cansancio.<\/p>\n<p><strong>Wilde <\/strong>y<strong> Mario Mola<\/strong> recortan distancia y corren en sexta y s\u00e9ptima posici\u00f3n. Ambos superan a <strong>Vicent Luis<\/strong> y <strong>Kanute<\/strong> para colocarse en tercero y cuarto lugar.\u00a0<strong>Mola<\/strong> protagoniza un espectacular adelantamiento a <strong>Wilde,<\/strong>\u00a0y despu\u00e9s, a <strong>Van Riel,<\/strong> haci\u00e9ndose con el segundo lugar, por detr\u00e1s de <strong>Jonathan Brownlee, <\/strong>que celebra\u00a0su primera victoria en unas Series Mundiales desde 2017.<\/p>\n<p>Tras esta carrera, <strong>Mario Mola<\/strong> se coloca en segundo lugar en la clasificaci\u00f3n del Mundial, por delante de <strong>G\u00f3mez Noya <\/strong>y <strong>Alarza.<\/strong> Por el momento, <strong>Vincent Luis<\/strong> conserva su primer puesto, sin embargo, la \u00faltima prueba del circuito decidir\u00e1 el campe\u00f3n.<\/p>\n<p><strong>Fernando Alarza<\/strong> ha finalizado 8\u00ba y <strong>Antonio Serrat<\/strong> 18\u00ba. Roberto S\u00e1nchez Mantec\u00f3n ha sido doblado.<\/p>\n<p>Puedes ver <a href=\"https:\/\/triathlon.org\/results\/result\/2019_itu_world_triathlon_edmonton\/337749\" rel=\"nofollow noopener\" target=\"_blank\">aqu\u00ed<\/a> las clasificaciones completas.<\/p>\n<p><strong>Categor\u00eda femenina<\/strong><\/p>\n<p>La jornada competitiva de las Series Mundiales comenzaba con la prueba femenina con una temperatura de 25,7\u00ba. La triatleta madrile\u00f1a <strong>Sara P\u00e9rez<\/strong> ha salido con fuerza y ha liderado el grupo los primeros 300 metros, altura en la que la estadounidense <strong>Rappaport<\/strong> se ha impuesto. Por detr\u00e1s,<strong> Spivey <\/strong>y <strong>Coldwell<\/strong> han completado el cuarteto de cabeza.<\/p>\n<p>En el segmento ciclista, el grupo cabecero intenta mantener la distancia respecto al grupo perseguidor que en el km5 alcanza a las primeras. <strong>Sara P\u00e9rez<\/strong>\u00a0sale segunda a correr tras una muy buena T2.<\/p>\n<p>En la carrera a pie <strong>Rappaport<\/strong> lidera la prueba pero a falta de 600 metros la australiana<strong> Jackson<\/strong> aumenta el ritmo y consigue sobrepasar a la estadounidense. <strong>Jackson<\/strong> logra la victoria con un tiempo total de 1:01:23. Dos segundos despu\u00e9s, llega a meta <strong>Rappaport<\/strong>; y a cuatro segundos de la campeona, la australiana <strong>Ashleigh Gentle<\/strong> se hace con el tercer puesto. La belga <strong>Claire Michel <\/strong>y <strong>Taylor Spivey<\/strong> completan el Top5.<\/p>\n<p>Respecto a la clasificaci\u00f3n de las espa\u00f1olas: <strong>Casillas<\/strong> ha terminado la 16, <strong>Sara P\u00e9rez<\/strong> la 20,\u00a0<strong>Routier\u00a0<\/strong>la 29 y <strong>Godoy<\/strong> la 34.<\/p>\n<p><a href=\"https:\/\/triathlon.org\/results\/result\/2019_itu_world_triathlon_edmonton\/337750\" rel=\"nofollow noopener\" target=\"_blank\">Aqu\u00ed<\/a> las clasificaciones completas.<\/p>\n","protected":false},"excerpt":{"rendered":"<p>Jonathan Brownlee celebra su victoria y Mario Mola logra una segunda posici\u00f3n tras una espectacular remontada. En categor\u00eda femenina, victoria para la australiana Jackson.<\/p>\n","protected":false},"author":307,"featured_media":59935,"comment_status":"closed","ping_status":"closed","sticky":false,"template":"","format":"standard","meta":{"_acf_changed":false,"rank_math_lock_modified_date":false,"footnotes":""},"categories":[17,2033],"tags":[609,299,4592,2891,2437,2755,7083,7082,607,7081,2234,4473],"class_list":{"0":"post-63380","1":"post","2":"type-post","3":"status-publish","4":"format-standard","5":"has-post-thumbnail","7":"category-actualidad","8":"category-sport","9":"tag-alarza","10":"tag-anna-godoy","11":"tag-antonio-serrat","12":"tag-casillas","13":"tag-edmonton","14":"tag-gomez","15":"tag-jackson","16":"tag-mantecon","17":"tag-mola","18":"tag-perez","19":"tag-routier","20":"tag-series-mundiales"},"acf":[],"_links":{"self":[{"href":"https:\/\/miurltemporal.com/main/triatletasenred.sport.es\/wp-json\/wp\/v2\/posts\/63380"}],"collection":[{"href":"https:\/\/miurltemporal.com/main/triatletasenred.sport.es\/wp-json\/wp\/v2\/posts"}],"about":[{"href":"https:\/\/miurltemporal.com/main/triatletasenred.sport.es\/wp-json\/wp\/v2\/types\/post"}],"author":[{"embeddable":true,"href":"https:\/\/miurltemporal.com/main/triatletasenred.sport.es\/wp-json\/wp\/v2\/users\/307"}],"replies":[{"embeddable":true,"href":"https:\/\/miurltemporal.com/main/triatletasenred.sport.es\/wp-json\/wp\/v2\/comments?post=63380"}],"version-history":[{"count":0,"href":"https:\/\/miurltemporal.com/main/triatletasenred.sport.es\/wp-json\/wp\/v2\/posts\/63380\/revisions"}],"wp:featuredmedia":[{"embeddable":true,"href":"https:\/\/miurltemporal.com/main/triatletasenred.sport.es\/wp-json\/wp\/v2\/media\/59935"}],"wp:attachment":[{"href":"https:\/\/miurltemporal.com/main/triatletasenred.sport.es\/wp-json\/wp\/v2\/media?parent=63380"}],"wp:term":[{"taxonomy":"category","embeddable":true,"href":"https:\/\/miurltemporal.com/main/triatletasenred.sport.es\/wp-json\/wp\/v2\/categories?post=63380"},{"taxonomy":"post_tag","embeddable":true,"href":"https:\/\/miurltemporal.com/main/triatletasenred.sport.es\/wp-json\/wp\/v2\/tags?post=63380"}],"curies":[{"name":"wp","href":"https:\/\/api.w.org\/{rel}","templated":true}]}}