{"id":63353,"date":"2019-07-19T07:00:53","date_gmt":"2019-07-19T05:00:53","guid":{"rendered":"https:\/\/miurltemporal.com/main/triatletasenred.sport.es\/?p=63353"},"modified":"2019-07-19T14:50:10","modified_gmt":"2019-07-19T12:50:10","slug":"como-seguir-las-series-mundiales-de-edmonton","status":"publish","type":"post","link":"https:\/\/miurltemporal.com/main/triatletasenred.sport.es\/actualidad\/como-seguir-las-series-mundiales-de-edmonton\/","title":{"rendered":"C\u00f3mo seguir las Series Mundiales de Edmonton"},"content":{"rendered":"<h3>El pr\u00f3ximo s\u00e1bado 20 de julio tendr\u00e1 lugar la pen\u00faltima prueba del circuito de las Series Mundiales ITU y ser\u00e1 decisiva para la clasificaci\u00f3n final del mundial.<\/h3>\n<p><a href=\"https:\/\/www.compressport.com\/es\/\" rel=\"nofollow noopener\" target=\"_blank\"><img fetchpriority=\"high\" decoding=\"async\" class=\"aligncenter size-full wp-image-35097\" src=\"https:\/\/miurltemporal.com/main/triatletasenred.sport.es\/wp-content\/uploads\/Compressport2.jpg\" alt=\"\" width=\"479\" height=\"105\" srcset=\"https:\/\/miurltemporal.com/main/triatletasenred.sport.es\/wp-content\/uploads\/Compressport2.jpg 479w, https:\/\/miurltemporal.com/main/triatletasenred.sport.es\/wp-content\/uploads\/Compressport2-300x65.jpg 300w\" sizes=\"(max-width: 479px) 100vw, 479px\" \/><\/a><\/p>\n<p>En categor\u00eda masculina competir\u00e1n cinco triatletas, de los cuales tres podr\u00edan hacerse con el t\u00edtulo mundial:\u00a0<strong>G\u00f3mez, Alarza <\/strong>y<strong> Mola.\u00a0<\/strong>Revisa<strong>\u00a0<a href=\"https:\/\/miurltemporal.com/main/triatletasenred.sport.es\/actualidad\/gomez-alarza-y-mola-lucharan-por-el-mundial-el-proximo-sabado-en-edmonton\/\">la cr\u00f3nica completa<\/a> <\/strong>con el ranking provisional de las WTS.<\/p>\n<p>En categor\u00eda femenina la #TriArmada tendr\u00e1 cuatro representantes: <strong>Carolina Routier, Miriam Casillas, Sara P\u00e9rez<\/strong> y<strong> Anna Godoy.<\/strong><\/p>\n<p><strong>Horario<\/strong><\/p>\n<p>Salida \u00c9lite Femenina 15:30 (hora local) \/ 23:30 (hora espa\u00f1ola)<br \/>\nSalida \u00c9lite Masculina 17:30 (hora local) \/ 01:30 (hora espa\u00f1ola)<\/p>\n<p><strong>C\u00f3mo seguir las WTS Edmonton:\u00a0<\/strong><\/p>\n<p><a href=\"http:\/\/www.rtve.es\/directo\/teledeporte\/\" rel=\"nofollow noopener\" target=\"_blank\">Teledeporte en DIRECTO:<\/a><\/p>\n<p>Prueba \u00c9lite Femenina en directo: s\u00e1bado, a las 23:35h.<br \/>\nPrueba \u00c9lite Masculina en directo: domingo, a la 01:35h.<\/p>\n<p>Asimismo, ser\u00e1 posible seguir la prueba en vivo a trav\u00e9s de la p\u00e1gina\u00a0<a href=\"https:\/\/www.triathlon.org\/timing\" rel=\"nofollow noopener\" target=\"_blank\">Triathlon.org LIVE<\/a>.<\/p>\n","protected":false},"excerpt":{"rendered":"<p>El pr\u00f3ximo s\u00e1bado 20 de julio tendr\u00e1 lugar la \u00faltima prueba del circuito de las Series Mundiales que decidir\u00e1 qui\u00e9n se lleva el cetro del triatl\u00f3n este a\u00f1o.<\/p>\n","protected":false},"author":307,"featured_media":62045,"comment_status":"closed","ping_status":"closed","sticky":false,"template":"","format":"standard","meta":{"_acf_changed":false,"rank_math_lock_modified_date":false,"footnotes":""},"categories":[17,2033],"tags":[609,2437,607,5290,4473],"class_list":{"0":"post-63353","1":"post","2":"type-post","3":"status-publish","4":"format-standard","5":"has-post-thumbnail","7":"category-actualidad","8":"category-sport","9":"tag-alarza","10":"tag-edmonton","11":"tag-mola","12":"tag-noya","13":"tag-series-mundiales"},"acf":[],"_links":{"self":[{"href":"https:\/\/miurltemporal.com/main/triatletasenred.sport.es\/wp-json\/wp\/v2\/posts\/63353"}],"collection":[{"href":"https:\/\/miurltemporal.com/main/triatletasenred.sport.es\/wp-json\/wp\/v2\/posts"}],"about":[{"href":"https:\/\/miurltemporal.com/main/triatletasenred.sport.es\/wp-json\/wp\/v2\/types\/post"}],"author":[{"embeddable":true,"href":"https:\/\/miurltemporal.com/main/triatletasenred.sport.es\/wp-json\/wp\/v2\/users\/307"}],"replies":[{"embeddable":true,"href":"https:\/\/miurltemporal.com/main/triatletasenred.sport.es\/wp-json\/wp\/v2\/comments?post=63353"}],"version-history":[{"count":0,"href":"https:\/\/miurltemporal.com/main/triatletasenred.sport.es\/wp-json\/wp\/v2\/posts\/63353\/revisions"}],"wp:featuredmedia":[{"embeddable":true,"href":"https:\/\/miurltemporal.com/main/triatletasenred.sport.es\/wp-json\/wp\/v2\/media\/62045"}],"wp:attachment":[{"href":"https:\/\/miurltemporal.com/main/triatletasenred.sport.es\/wp-json\/wp\/v2\/media?parent=63353"}],"wp:term":[{"taxonomy":"category","embeddable":true,"href":"https:\/\/miurltemporal.com/main/triatletasenred.sport.es\/wp-json\/wp\/v2\/categories?post=63353"},{"taxonomy":"post_tag","embeddable":true,"href":"https:\/\/miurltemporal.com/main/triatletasenred.sport.es\/wp-json\/wp\/v2\/tags?post=63353"}],"curies":[{"name":"wp","href":"https:\/\/api.w.org\/{rel}","templated":true}]}}