{"id":63188,"date":"2019-07-09T06:30:24","date_gmt":"2019-07-09T04:30:24","guid":{"rendered":"https:\/\/miurltemporal.com/main/triatletasenred.sport.es\/?p=63188"},"modified":"2019-07-09T12:44:44","modified_gmt":"2019-07-09T10:44:44","slug":"aida-valino-regresa","status":"publish","type":"post","link":"https:\/\/miurltemporal.com/main/triatletasenred.sport.es\/actualidad\/aida-valino-regresa\/","title":{"rendered":"Aida Vali\u00f1o vuelve a la competici\u00f3n por la puerta grande"},"content":{"rendered":"<h3 style=\"text-align: justify;\">La que fuera Campeona de Espa\u00f1a regres\u00f3 a la competici\u00f3n el pasado fin de semana tras un largo periodo de ausencia por maternidad. La triatleta gallega no pudo tener mejor &#8220;vuelta al ruedo&#8221; que con un podio.<\/h3>\n<p style=\"text-align: justify;\"><a href=\"http:\/\/nutrisport.es\" rel=\"nofollow noopener\" target=\"_blank\"><img fetchpriority=\"high\" decoding=\"async\" class=\"aligncenter size-full wp-image-57465\" src=\"https:\/\/miurltemporal.com/main/triatletasenred.sport.es\/wp-content\/uploads\/BannerTriatl\u00f3n-750x100.jpg\" alt=\"\" width=\"750\" height=\"100\" srcset=\"https:\/\/miurltemporal.com/main/triatletasenred.sport.es\/wp-content\/uploads\/BannerTriatl\u00f3n-750x100.jpg 750w, https:\/\/miurltemporal.com/main/triatletasenred.sport.es\/wp-content\/uploads\/BannerTriatl\u00f3n-750x100-700x93.jpg 700w, https:\/\/miurltemporal.com/main/triatletasenred.sport.es\/wp-content\/uploads\/BannerTriatl\u00f3n-750x100-300x40.jpg 300w\" sizes=\"(max-width: 750px) 100vw, 750px\" \/><\/a><\/p>\n<p style=\"text-align: justify;\">La semana pasada Aida Vali\u00f1o anunciaba que volv\u00eda a colgarse un dorsal y el lugar elegido para su regreso a la competici\u00f3n fue en el <strong>Campeonato Gallego de Triatl\u00f3n Ol\u00edmpico sin drafting<\/strong> que se disputo en Castrelo Do Mi\u00f1o y en el que finaliz\u00f3 en segunda posici\u00f3n.<\/p>\n<p style=\"text-align: justify;\"><img decoding=\"async\" class=\"alignleft\" src=\"https:\/\/scontent.fmad3-6.fna.fbcdn.net\/v\/t1.0-9\/66489073_10217178388865010_656275654278381568_o.jpg?_nc_cat=111&amp;_nc_eui2=AeG_CRxZ1DujRu4MDdkNurAlDiwz8cb_h8KacbZEqPonu48emf9ZIdxuBTu5Nrc4pcooM5M0haqmCPWXdc1q4Wx6iR75XLPs97APiixd8STl3Q&amp;_nc_oc=AQmx0OCG1T0i7QDax1OUVFvubHt_CtgUkYS7wbJ9-KzkRR4kmsmJcUT82T52YDzQYB8&amp;_nc_ht=scontent.fmad3-6.fna&amp;oh=34de430f4058442bf137d11532ae1c3e&amp;oe=5D7B40D7\" alt=\"\" width=\"296\" height=\"296\" \/>Aunque el resultado era lo menos importante para Aida la gallega comentaba que estaba satisfecha pero mucho m\u00e1s por lo que disfrut\u00f3 del evento en su vuelta a la competici\u00f3n.<\/p>\n<p>En declaraciones a La Voz de Galicia Vali\u00f1o comentaba que : &#8220;<strong>Nunca dej\u00e9 de ir a la piscina y nadar 1.000 o 1.500 metros, siempre estuve haciendo algo. Pero s\u00ed que es verdad que en febrero o marzo comenc\u00e9 otra vez con el club de atletismo de Tui y hace un par de meses empec\u00e9 a salir en bici otra vez<\/strong>&#8221; y, \u00a0al parecer, la que tuvo retuvo y este fin de semana fue m\u00e1s que competitiva tras su largo par\u00f3n.<\/p>\n<p style=\"text-align: justify;\">A pesar que Aida comentaba que no espera ser la de antes, desde triatletasenred.com nos alegramos de su regreso al escenario del triatl\u00f3n y esperamos verla disfrutar durante mucho tiempo m\u00e1s.<\/p>\n<p>&nbsp;<\/p>\n","protected":false},"excerpt":{"rendered":"<p>La que fuera Campeona de Espa\u00f1a regres\u00f3 a la competici\u00f3n el pasado fin de semana tras un largo periodo de ausencia por maternidad. La triatleta gallega no pudo tener mejor &#8220;vuelta al ruedo&#8221; que con un podio. La semana pasada Aida Vali\u00f1o anunciaba que volv\u00eda a colgarse un dorsal y el lugar elegido para su [&hellip;]<\/p>\n","protected":false},"author":2,"featured_media":63190,"comment_status":"closed","ping_status":"closed","sticky":false,"template":"","format":"standard","meta":{"_acf_changed":false,"rank_math_lock_modified_date":false,"footnotes":""},"categories":[17],"tags":[2209,7053],"class_list":{"0":"post-63188","1":"post","2":"type-post","3":"status-publish","4":"format-standard","5":"has-post-thumbnail","7":"category-actualidad","8":"tag-aida-valino","9":"tag-castrelo-do-mino"},"acf":[],"_links":{"self":[{"href":"https:\/\/miurltemporal.com/main/triatletasenred.sport.es\/wp-json\/wp\/v2\/posts\/63188"}],"collection":[{"href":"https:\/\/miurltemporal.com/main/triatletasenred.sport.es\/wp-json\/wp\/v2\/posts"}],"about":[{"href":"https:\/\/miurltemporal.com/main/triatletasenred.sport.es\/wp-json\/wp\/v2\/types\/post"}],"author":[{"embeddable":true,"href":"https:\/\/miurltemporal.com/main/triatletasenred.sport.es\/wp-json\/wp\/v2\/users\/2"}],"replies":[{"embeddable":true,"href":"https:\/\/miurltemporal.com/main/triatletasenred.sport.es\/wp-json\/wp\/v2\/comments?post=63188"}],"version-history":[{"count":0,"href":"https:\/\/miurltemporal.com/main/triatletasenred.sport.es\/wp-json\/wp\/v2\/posts\/63188\/revisions"}],"wp:featuredmedia":[{"embeddable":true,"href":"https:\/\/miurltemporal.com/main/triatletasenred.sport.es\/wp-json\/wp\/v2\/media\/63190"}],"wp:attachment":[{"href":"https:\/\/miurltemporal.com/main/triatletasenred.sport.es\/wp-json\/wp\/v2\/media?parent=63188"}],"wp:term":[{"taxonomy":"category","embeddable":true,"href":"https:\/\/miurltemporal.com/main/triatletasenred.sport.es\/wp-json\/wp\/v2\/categories?post=63188"},{"taxonomy":"post_tag","embeddable":true,"href":"https:\/\/miurltemporal.com/main/triatletasenred.sport.es\/wp-json\/wp\/v2\/tags?post=63188"}],"curies":[{"name":"wp","href":"https:\/\/api.w.org\/{rel}","templated":true}]}}