{"id":63158,"date":"2019-07-07T20:43:36","date_gmt":"2019-07-07T18:43:36","guid":{"rendered":"https:\/\/miurltemporal.com/main/triatletasenred.sport.es\/?p=63158"},"modified":"2019-07-07T20:53:34","modified_gmt":"2019-07-07T18:53:34","slug":"ivan-rana-finaliza-el-ironman-de-austria-en-octava-posicion","status":"publish","type":"post","link":"https:\/\/miurltemporal.com/main/triatletasenred.sport.es\/actualidad\/ivan-rana-finaliza-el-ironman-de-austria-en-octava-posicion\/","title":{"rendered":"Iv\u00e1n Ra\u00f1a finaliza el Ironman de Austria en octava posici\u00f3n"},"content":{"rendered":"<h3>El gallego no consigue con esta posici\u00f3n en Klagenfurt la clasificaci\u00f3n para Kona, aunque su prioridad en esta carrera era correr sin molestias.<\/h3>\n<p><a href=\"https:\/\/www.skechers.com\/es-es\/search?t=GOrun+ride+7\" rel=\"nofollow noopener\" target=\"_blank\"><img fetchpriority=\"high\" decoding=\"async\" class=\"aligncenter size-full wp-image-58098\" src=\"https:\/\/miurltemporal.com/main/triatletasenred.sport.es\/wp-content\/uploads\/RIDE-7.jpg\" alt=\"\" width=\"750\" height=\"100\" srcset=\"https:\/\/miurltemporal.com/main/triatletasenred.sport.es\/wp-content\/uploads\/RIDE-7.jpg 750w, https:\/\/miurltemporal.com/main/triatletasenred.sport.es\/wp-content\/uploads\/RIDE-7-700x93.jpg 700w, https:\/\/miurltemporal.com/main/triatletasenred.sport.es\/wp-content\/uploads\/RIDE-7-300x40.jpg 300w, https:\/\/miurltemporal.com/main/triatletasenred.sport.es\/wp-content\/uploads\/RIDE-7-640x85.jpg 640w\" sizes=\"(max-width: 750px) 100vw, 750px\" \/><\/a><\/p>\n<p><strong>Iv\u00e1n Ra\u00f1a<\/strong> abandona en esta prueba la presi\u00f3n de los tiempos para enfocarse en disfrutar de competir sin molestias tras su lesi\u00f3n en el tend\u00f3n de aquiles, que le oblig\u00f3 a retirarse en Ironman de Lanzarote.<\/p>\n<p>Aunque no ha conseguido hoy su clasificaci\u00f3n para el Mundial de Ironman en Kona, podr\u00e1 intentarlo en carreras posteriores. Tal y como confes\u00f3 el gallego a<strong> Triatletas en Red<\/strong> prioriza librarse de las molestias de su lesi\u00f3n.\u00a0\u00abEs normal que la gente piense que competir\u00e9 pensando en Hawaii, pero la verdad es llego pensando en disfrutar esta carrera y de la preparaci\u00f3n que he llevado. En este momento de mi vida no estoy para nada que no sea pasarlo bien y sacar el mejor rendimiento que pueda\u00bb.<\/p>\n<p>En su debut en distancia full, el dan\u00e9s <strong>Daniel Baekegard<\/strong>, de 23 a\u00f1os, ha dominado la prueba hasta la meta con un tiempo total de 08:14:26. Tras \u00e9l, ha llegado el belga <strong>Stenn Goetstouwers<\/strong> (8h25&#8217;53&#8221;), seguido del esloveno <strong>Davil Plese<\/strong> (8h25&#8217;59&#8221;).<\/p>\n<p>En la prueba femenina, la suiza <strong>Daniela Ryf<\/strong> (8:48:50) ha ofrecido un recital a pesar de haber sufrido mucho, seg\u00fan ha expresado tras cruzar la meta en primer lugar. <strong>Ryf<\/strong> contaba, tras bajarse de la bici, con 26 minutos de ventaja. Finalmente se ha alzado con la victoria de la prueba en categor\u00eda femenina y con el 11\u00ba lugar de la general.<\/p>\n<p>Completaban el podio femenino la austriaca <strong>Bianca Steurer<\/strong> y la finesa <strong>Heiny Hartikainen<\/strong>.<\/p>\n","protected":false},"excerpt":{"rendered":"<p>El gallego no consigue con esta posici\u00f3n en Klagenfurt la clasificaci\u00f3n para Kona, aunque su prioridad en esta carrera era correr sin molestias<\/p>\n","protected":false},"author":307,"featured_media":61423,"comment_status":"closed","ping_status":"closed","sticky":false,"template":"","format":"standard","meta":{"_acf_changed":false,"rank_math_lock_modified_date":false,"footnotes":""},"categories":[17,2033],"tags":[7048,7049,3301,404,1263],"class_list":{"0":"post-63158","1":"post","2":"type-post","3":"status-publish","4":"format-standard","5":"has-post-thumbnail","7":"category-actualidad","8":"category-sport","9":"tag-autria","10":"tag-daniel-baekegard","11":"tag-daniela-ryf","12":"tag-ironman","13":"tag-rana"},"acf":[],"_links":{"self":[{"href":"https:\/\/miurltemporal.com/main/triatletasenred.sport.es\/wp-json\/wp\/v2\/posts\/63158"}],"collection":[{"href":"https:\/\/miurltemporal.com/main/triatletasenred.sport.es\/wp-json\/wp\/v2\/posts"}],"about":[{"href":"https:\/\/miurltemporal.com/main/triatletasenred.sport.es\/wp-json\/wp\/v2\/types\/post"}],"author":[{"embeddable":true,"href":"https:\/\/miurltemporal.com/main/triatletasenred.sport.es\/wp-json\/wp\/v2\/users\/307"}],"replies":[{"embeddable":true,"href":"https:\/\/miurltemporal.com/main/triatletasenred.sport.es\/wp-json\/wp\/v2\/comments?post=63158"}],"version-history":[{"count":0,"href":"https:\/\/miurltemporal.com/main/triatletasenred.sport.es\/wp-json\/wp\/v2\/posts\/63158\/revisions"}],"wp:featuredmedia":[{"embeddable":true,"href":"https:\/\/miurltemporal.com/main/triatletasenred.sport.es\/wp-json\/wp\/v2\/media\/61423"}],"wp:attachment":[{"href":"https:\/\/miurltemporal.com/main/triatletasenred.sport.es\/wp-json\/wp\/v2\/media?parent=63158"}],"wp:term":[{"taxonomy":"category","embeddable":true,"href":"https:\/\/miurltemporal.com/main/triatletasenred.sport.es\/wp-json\/wp\/v2\/categories?post=63158"},{"taxonomy":"post_tag","embeddable":true,"href":"https:\/\/miurltemporal.com/main/triatletasenred.sport.es\/wp-json\/wp\/v2\/tags?post=63158"}],"curies":[{"name":"wp","href":"https:\/\/api.w.org\/{rel}","templated":true}]}}