{"id":63155,"date":"2019-07-07T19:29:51","date_gmt":"2019-07-07T17:29:51","guid":{"rendered":"https:\/\/miurltemporal.com/main/triatletasenred.sport.es\/?p=63155"},"modified":"2019-07-07T20:18:24","modified_gmt":"2019-07-07T18:18:24","slug":"galicia-y-cataluna-ganan-el-campeonato-de-espana-por-selecciones-autonomicas","status":"publish","type":"post","link":"https:\/\/miurltemporal.com/main/triatletasenred.sport.es\/actualidad\/galicia-y-cataluna-ganan-el-campeonato-de-espana-por-selecciones-autonomicas\/","title":{"rendered":"Galicia y Catalu\u00f1a ganan el Campeonato de Espa\u00f1a por Selecciones Auton\u00f3micas"},"content":{"rendered":"<p class=\"Normal tm6\"><span class=\"tm7\"><strong>La selecci\u00f3n de Galicia se impuso en el global del Campeonato de Espa\u00f1a de Triatl\u00f3n en Edad Escolar por autonom\u00edas. El nacional por autonom\u00edas en cuanto a las selecciones absolutas se refiere se lo adjudic\u00f3 Catalu\u00f1a.<\/strong> <\/span><\/p>\n<p><a href=\"https:\/\/www.compressport.com\/es\/\" rel=\"nofollow noopener\" target=\"_blank\"><img fetchpriority=\"high\" decoding=\"async\" class=\"aligncenter size-full wp-image-35097\" src=\"https:\/\/miurltemporal.com/main/triatletasenred.sport.es\/wp-content\/uploads\/Compressport2.jpg\" alt=\"\" width=\"479\" height=\"105\" srcset=\"https:\/\/miurltemporal.com/main/triatletasenred.sport.es\/wp-content\/uploads\/Compressport2.jpg 479w, https:\/\/miurltemporal.com/main/triatletasenred.sport.es\/wp-content\/uploads\/Compressport2-300x65.jpg 300w\" sizes=\"(max-width: 479px) 100vw, 479px\" \/><\/a><\/p>\n<p class=\"Normal tm6\"><span class=\"tm7\">Los dos relevos, tanto el escolar como el absoluto fueron ganados por equipos de Catalu\u00f1a, pero en el caso de la primera categor\u00eda el segundo puesto le sirvi\u00f3 a Galicia, junto a los resultados del s\u00e1bado, para llevarse el t\u00edtulo.<\/span><\/p>\n<p><strong>Relevo Mixto Escolar<\/strong><\/p>\n<p class=\"Normal tm6\"><span class=\"tm7\">La primera carrera del domingo fue el Relevo Mixto Escolar, con victoria catalana por delante de Galicia y la Comunidad Valenciana. Andaluc\u00eda y Madrid completaron las cinco primeras posiciones. En el global del campeonato con la suma de las dos jornadas Galicia se hac\u00eda con el t\u00edtulo escolar por un solo punto de diferencia con respecto a Catalu\u00f1a. La misma diferencia, un punto, defin\u00eda el tercer lugar del p\u00f3dium en favor de la Comunidad Valenciana frente a Andaluc\u00eda, con Madrid en la quinta posici\u00f3n.<\/span><\/p>\n<p><strong>Relevo Mixto Absoluto<\/strong><\/p>\n<p class=\"Normal tm6\"><span class=\"tm7\">El Relevo Mixto Absoluto por selecciones auton\u00f3micas fue uno de los mayores espect\u00e1culos que ha deparado la nueva modalidad ol\u00edmpica en Tokyo 2020 hasta el momento en Espa\u00f1a. Tras sucesivos cambios de l\u00edderes en los intercambios de los primeros relevos con Catalu\u00f1a, Comunidad Valenciana, Baleares y Galicia optando a todo, la carrera final se presentaba apasionante con Jordi Garc\u00eda por los catalanes y Romaric Forqu\u00e9s por los valencianos saliendo juntos de la nataci\u00f3n, llegando juntos a la carrera a pie, y definiendo en un sprint casi de foto finish la competici\u00f3n en favor de Garc\u00eda.<\/span><\/p>\n<p class=\"Normal tm6\"><span class=\"tm7\">Baleares, Galicia y Madrid completaron las cinco primeras posiciones. La suma de puntos de s\u00e1bado y domingo dejaba a Catalu\u00f1a como campeona entre la selecciones auton\u00f3micas absolutas, con Galicia en la medalla de plata, Madrid consiguiendo la de bronce, y la Comunidad Valenciana y Castilla La Mancha completando las cinco primeras posiciones.<\/span><\/p>\n<p class=\"Normal tm6\"><span class=\"tm7\">Participaron en la entrega de premios a las selecciones auton\u00f3micas Conchi Bellor\u00edn, Directora del Gabinete del Consejo Superior de Deportes; Alberto Jofre, Director General del Comit\u00e9 Paral\u00edmpico; I\u00f1aki Ere\u00f1o, Presidente de Sanitas; Montserrat Teba, Concejal de Deportes de Tres Cantos; Jos\u00e9 Hidalgo, Presidente de la Federaci\u00f3n Espa\u00f1ola de Triatl\u00f3n; y Ramiro Lahera, Presidente de la Federaci\u00f3n Madrile\u00f1a de Triatl\u00f3n.<\/span><\/p>\n<p class=\"Normal\"><span class=\"tm7\">Clasificaciones: <\/span><u><\/u><\/p>\n<p>Fuente: FETRI<\/p>\n","protected":false},"excerpt":{"rendered":"<p>La selecci\u00f3n de Galicia se impuso en el global del Campeonato de Espa\u00f1a de Triatl\u00f3n en Edad Escolar por autonom\u00edas. El nacional por Autonom\u00edas en cuanto a las selecciones absolutas se refiere se lo adjudic\u00f3 Catalu\u00f1a.<\/p>\n","protected":false},"author":306,"featured_media":63156,"comment_status":"closed","ping_status":"closed","sticky":false,"template":"","format":"standard","meta":{"_acf_changed":false,"rank_math_lock_modified_date":false,"footnotes":""},"categories":[17],"tags":[1988,5667,4054,565,2724],"class_list":{"0":"post-63155","1":"post","2":"type-post","3":"status-publish","4":"format-standard","5":"has-post-thumbnail","9":"tag-campeonato-de-espana-de-triatlon-por-autonomias","10":"tag-cataluna","11":"tag-fetri","12":"tag-galicia"},"acf":[],"_links":{"self":[{"href":"https:\/\/miurltemporal.com/main/triatletasenred.sport.es\/wp-json\/wp\/v2\/posts\/63155"}],"collection":[{"href":"https:\/\/miurltemporal.com/main/triatletasenred.sport.es\/wp-json\/wp\/v2\/posts"}],"about":[{"href":"https:\/\/miurltemporal.com/main/triatletasenred.sport.es\/wp-json\/wp\/v2\/types\/post"}],"author":[{"embeddable":true,"href":"https:\/\/miurltemporal.com/main/triatletasenred.sport.es\/wp-json\/wp\/v2\/users\/306"}],"replies":[{"embeddable":true,"href":"https:\/\/miurltemporal.com/main/triatletasenred.sport.es\/wp-json\/wp\/v2\/comments?post=63155"}],"version-history":[{"count":0,"href":"https:\/\/miurltemporal.com/main/triatletasenred.sport.es\/wp-json\/wp\/v2\/posts\/63155\/revisions"}],"wp:featuredmedia":[{"embeddable":true,"href":"https:\/\/miurltemporal.com/main/triatletasenred.sport.es\/wp-json\/wp\/v2\/media\/63156"}],"wp:attachment":[{"href":"https:\/\/miurltemporal.com/main/triatletasenred.sport.es\/wp-json\/wp\/v2\/media?parent=63155"}],"wp:term":[{"taxonomy":"category","embeddable":true,"href":"https:\/\/miurltemporal.com/main/triatletasenred.sport.es\/wp-json\/wp\/v2\/categories?post=63155"},{"taxonomy":"post_tag","embeddable":true,"href":"https:\/\/miurltemporal.com/main/triatletasenred.sport.es\/wp-json\/wp\/v2\/tags?post=63155"}],"curies":[{"name":"wp","href":"https:\/\/api.w.org\/{rel}","templated":true}]}}