{"id":63149,"date":"2019-07-07T15:36:24","date_gmt":"2019-07-07T13:36:24","guid":{"rendered":"https:\/\/miurltemporal.com/main/triatletasenred.sport.es\/?p=63149"},"modified":"2019-07-07T16:06:07","modified_gmt":"2019-07-07T14:06:07","slug":"victoria-para-andreas-dreitz-y-lucy-charles-en-la-mayor-fiesta-del-triatlon-de-larga-distancia","status":"publish","type":"post","link":"https:\/\/miurltemporal.com/main/triatletasenred.sport.es\/actualidad\/victoria-para-andreas-dreitz-y-lucy-charles-en-la-mayor-fiesta-del-triatlon-de-larga-distancia\/","title":{"rendered":"Victoria para Andreas Dreitz y Lucy Charles en la mayor fiesta del triatl\u00f3n de larga distancia"},"content":{"rendered":"<h3 class=\"tm5\"><strong><span class=\"tm6\">El alem\u00e1n Andreas Dreitz y la brit\u00e1nica Lucy Charles se hacen con el primer puesto en el Datev Challenge de Roth.<\/span><\/strong><\/h3>\n<p><a href=\"https:\/\/www.inverseteams.com\/es\/ropa-de-triatlon-personalizada?utm_source=Triatletas%20En%20Red&amp;utm_medium=banner%20Triatletas%20En%20Red&amp;utm_campaign=Banner%20roba%20personalitzada%20Triatletas%20en%20Red%202019&amp;utm_term=Banner%20roba%20personalitzada%20Triatletas%20en%20Red%202019&amp;utm_content=Banner%20roba%20personalitzada%20Triatletas%20en%20Red%202019\" rel=\"nofollow noopener\" target=\"_blank\"><img fetchpriority=\"high\" decoding=\"async\" class=\"size-full wp-image-62487 aligncenter\" src=\"https:\/\/miurltemporal.com/main/triatletasenred.sport.es\/wp-content\/uploads\/BANNER_triatletasenred_2019.gif\" alt=\"\" width=\"750\" height=\"150\" \/><\/a><\/p>\n<p class=\"Normal\">Tras 7h 59min 2 seg. de carrera, el alem\u00e1n <strong>Andreas\u00a0Dreitz<\/strong> se ha hecho con la victoria en casa despu\u00e9s del segundo puesto que logr\u00f3 el a\u00f1o pasado. El local se encontraba entre los favoritos, al igual que el australiano\u00a0<strong>Cameron\u00a0Wurf<\/strong>, quien ha conseguido el tercer puesto en el m\u00edtico Challenge Roth, que supone la fiesta mayor de la familia Challenge. El australiano conoc\u00eda muy bien el recorrido en cuyo segmento ciclista revent\u00f3 el r\u00e9cord el pasado 2018 con un tiempo de 4 horas 5 minutos y 37 seg.<\/p>\n<p class=\"Normal\"><span class=\"tm7\">A pesar de no encontrarse entre los favoritos, el sueco <\/span><strong><span class=\"tm8\">Jesper\u00a0<\/span><\/strong><strong><span class=\"tm8\">Svensson\u00a0<\/span><\/strong><span class=\"tm8\">ha cruzado la meta en segundo lugar 3min 18 seg. despu\u00e9s del campe\u00f3n.<\/span><\/p>\n<p>El alem\u00e1n <strong>Andreas<\/strong> ha remontado en el segmento ciclista junto con <strong>Boecherer<\/strong> y <strong>Potts<\/strong> para ponerse en cabeza de carrera. A la llegada a la T2, los alemanes hab\u00edan logrado respecto a <strong>Potts<\/strong> una ventaja de 3 minutos.<\/p>\n<p>El espa\u00f1ol <strong>Juan Bautista Nadal Clar<\/strong> ha terminado en la 25\u00aa posici\u00f3n con un total de 08:42:57.<\/p>\n<p class=\"Normal\"><span class=\"tm7\">En f\u00e9minas victoria sin rival para <\/span><strong><span class=\"tm8\">Lucy\u00a0<\/span><\/strong><strong><span class=\"tm8\">Charles<\/span><\/strong><strong><span class=\"tm8\">,<\/span><\/strong><span class=\"tm8\"> que part\u00eda como una de las favoritas, con un tiempo total de 08:31:09. La brit\u00e1nica sal\u00eda primera del agua con 3min. 22seg. de ventaja sobre el resto de triatletas. En el segmento ciclista ha aumentado la diferencia para terminar la prueba con una carrera a pie en la que ha sabido mantener la ventaja. <\/span><\/p>\n<p class=\"Normal\"><span class=\"tm8\">Con una diferencia de 7min 2 seg., llegaba a la meta la australiana\u00a0<\/span><strong><span class=\"tm8\">Sarah\u00a0<\/span><\/strong><span class=\"tm8\"><strong>Crowley<\/strong>. Completa el podio femenino la alemana <strong>Daniela\u00a0<\/strong><\/span><strong><span class=\"tm8\">Bleymehl<\/span><\/strong><span class=\"tm8\">, con una diferencia de 12min 8 segundos respecto a la ganadora.<\/span><\/p>\n<p class=\"Normal\">\n","protected":false},"excerpt":{"rendered":"<p>El alem\u00e1n Andreas Dreitz y la brit\u00e1nica Lucy Charles se hacen con el primer puesto en el Challenge de Roth.<\/p>\n","protected":false},"author":307,"featured_media":30787,"comment_status":"closed","ping_status":"closed","sticky":false,"template":"","format":"standard","meta":{"_acf_changed":false,"rank_math_lock_modified_date":false,"footnotes":""},"categories":[17,2033],"tags":[6533,389,6197,2303],"class_list":{"0":"post-63149","1":"post","2":"type-post","3":"status-publish","4":"format-standard","5":"has-post-thumbnail","7":"category-actualidad","8":"category-sport","9":"tag-andreas-dreitz","10":"tag-challenge","11":"tag-lucy-charles","12":"tag-roth"},"acf":[],"_links":{"self":[{"href":"https:\/\/miurltemporal.com/main/triatletasenred.sport.es\/wp-json\/wp\/v2\/posts\/63149"}],"collection":[{"href":"https:\/\/miurltemporal.com/main/triatletasenred.sport.es\/wp-json\/wp\/v2\/posts"}],"about":[{"href":"https:\/\/miurltemporal.com/main/triatletasenred.sport.es\/wp-json\/wp\/v2\/types\/post"}],"author":[{"embeddable":true,"href":"https:\/\/miurltemporal.com/main/triatletasenred.sport.es\/wp-json\/wp\/v2\/users\/307"}],"replies":[{"embeddable":true,"href":"https:\/\/miurltemporal.com/main/triatletasenred.sport.es\/wp-json\/wp\/v2\/comments?post=63149"}],"version-history":[{"count":0,"href":"https:\/\/miurltemporal.com/main/triatletasenred.sport.es\/wp-json\/wp\/v2\/posts\/63149\/revisions"}],"wp:featuredmedia":[{"embeddable":true,"href":"https:\/\/miurltemporal.com/main/triatletasenred.sport.es\/wp-json\/wp\/v2\/media\/30787"}],"wp:attachment":[{"href":"https:\/\/miurltemporal.com/main/triatletasenred.sport.es\/wp-json\/wp\/v2\/media?parent=63149"}],"wp:term":[{"taxonomy":"category","embeddable":true,"href":"https:\/\/miurltemporal.com/main/triatletasenred.sport.es\/wp-json\/wp\/v2\/categories?post=63149"},{"taxonomy":"post_tag","embeddable":true,"href":"https:\/\/miurltemporal.com/main/triatletasenred.sport.es\/wp-json\/wp\/v2\/tags?post=63149"}],"curies":[{"name":"wp","href":"https:\/\/api.w.org\/{rel}","templated":true}]}}