{"id":63029,"date":"2019-06-28T17:24:48","date_gmt":"2019-06-28T15:24:48","guid":{"rendered":"https:\/\/miurltemporal.com/main/triatletasenred.sport.es\/?p=63029"},"modified":"2019-06-28T22:42:56","modified_gmt":"2019-06-28T20:42:56","slug":"el-ironman-de-niza-podria-tener-a-dos-espanoles-en-el-top10","status":"publish","type":"post","link":"https:\/\/miurltemporal.com/main/triatletasenred.sport.es\/actualidad\/el-ironman-de-niza-podria-tener-a-dos-espanoles-en-el-top10\/","title":{"rendered":"El Ironman de Niza podr\u00eda tener a dos espa\u00f1oles en el Top10"},"content":{"rendered":"<div style=\"margin-top: 1em; margin-bottom: 1em; -en-paragraph: true;\"><strong>La ciudad de Niza, centro neur\u00e1lgico de la Costa Azul e icono del turismo, alberga un a\u00f1o m\u00e1s su prestigioso Ironman, con Albert Moreno y Carlos Aznar entre los mejores.\u00a0<\/strong><\/div>\n<div><a href=\"https:\/\/zone3.es\/\" rel=\"nofollow noopener\" target=\"_blank\"><img fetchpriority=\"high\" decoding=\"async\" class=\"aligncenter size-full wp-image-58904\" src=\"https:\/\/miurltemporal.com/main/triatletasenred.sport.es\/wp-content\/uploads\/zone3-nuevo-1.gif\" alt=\"\" width=\"746\" height=\"149\" \/><\/a><\/div>\n<div><\/div>\n<div>Este domingo se celebra el heredero de uno de los <strong>primeros triatlones de larga distancia del mundo. <\/strong>Organizado por primera vez en 1982, fue considerado en su momento hom\u00f3logo europeo del campeonato del mundo de <strong>Haw\u00e1i. <\/strong>Podr\u00edamos concluir que es una cita obligada para todo triatleta que quiera emular a los pioneros de este deporte.<\/div>\n<div style=\"margin-top: 1em; margin-bottom: 1em; -en-paragraph: true;\">Este a\u00f1o, a pesar de coincidir con el <strong>europeo de Frankfurt<\/strong>, el plantel \u00e9lite es muy destacado: <strong>Frederick Van Lierde<\/strong> ser\u00e1 el indiscutible favorito, con el acicate de convertirse en el triatleta con m\u00e1s victoria en la prueba, desempatando de esta manera con nuestro <strong>Marcel Zamora<\/strong>. Cinco trofeos poseen cada uno en sus vitrinas.<\/div>\n<div style=\"margin-top: 1em; margin-bottom: 1em; -en-paragraph: true;\">Varios nombres que podr\u00edan arrebatarle <strong>la consecuci\u00f3n de su sexta victoria<\/strong>. Entre ellos, <strong>Cameron Wurt<\/strong> con una bici que se adapta perfectamente a sus condiciones, como demostr\u00f3 el a\u00f1o pasado present\u00e1ndose primero en la T2. Tambi\u00e9n estar\u00e1n en las primera posiciones <strong>James Cunnama <\/strong>e<strong> Igor Amorelli, <\/strong>dorsal 2 y 3 respectivamente;\u00a0y\u00a0no\u00a0nos\u00a0olvidamos\u00a0de <strong>Amaud Gilloux, Diego Van Looy <\/strong>y<strong> Domenico Passuelo.<\/strong><\/div>\n<h3 style=\"margin-top: 1em; margin-bottom: 1em; -en-paragraph: true;\"><span style=\"font-weight: bold;\">Los espa\u00f1oles<\/span><\/h3>\n<div style=\"margin-top: 1em; margin-bottom: 1em; -en-paragraph: true;\">Despu\u00e9s de la retirada el a\u00f1o pasado, <strong>V\u00edctor del Corral<\/strong> iba a regresar a Niza con la seguridad de conocer perfectamente la prueba, pero a \u00faltima hora ha preferido dilatar su puesta de largo y reservar para el pr\u00f3ximo <strong>Triatl\u00f3n de Alpe d&#8217;Huez<\/strong>,\u00a0que tendr\u00e1\u00a0lugar en poco\u00a0m\u00e1s\u00a0de\u00a0un\u00a0 mes.<\/div>\n<div style=\"margin-top: 1em; margin-bottom: 1em; -en-paragraph: true;\"><strong>Albert Moreno<\/strong>, que el a\u00f1o pasado estuvo metido entre los diez mejores casi toda la competici\u00f3n, volver\u00e1 este a\u00f1o para finalizar la carrera entre las primeras posiciones. Confiando esta vez, en su\u00a0mejor carrera a pie.<\/div>\n<div style=\"margin-top: 1em; margin-bottom: 1em; -en-paragraph: true;\"><strong>Carlos Aznar<\/strong>, esta vez participando como PRO, un top10 ser\u00eda para \u00e9l un excelente resultado, sobre todo teniendo en cuenta que sigue compatibilizando trabajo y entrenamientos. Adicionalmente, como experto en nutrici\u00f3n deportiva, nos comenta tambi\u00e9n que estos d\u00edas previos ha hecho ligeros cambios en su alimentaci\u00f3n en previsi\u00f3n de las condiciones climatol\u00f3gicas.<\/div>\n<div style=\"margin-top: 1em; margin-bottom: 1em; -en-paragraph: true;\">Condiciones que no llegar\u00e1n a los 38\u00b0 previstos en <strong>Frankfurt<\/strong>, pero s\u00ed subir\u00e1n hasta los <strong>32\u00b0 de temperatura.<\/strong> Teniendo en cuenta los estragos que puede provocar la humedad\u00a0costera, los organizadores han decidido recortar el recorrido de ciclismo y carrera a pie para evitar males mayores. <strong>Las distancias definitivas ser\u00e1n 3,8-152-30.<\/strong><\/div>\n<div style=\"margin-top: 1em; margin-bottom: 1em; -en-paragraph: true;\">En categor\u00eda femenina ser\u00e1 la ganadora del a\u00f1o pasado, la brit\u00e1nica <strong>Corinne Abraham<\/strong>, junto a la australiana <strong>Carrie Lester<\/strong> las que parten como favoritas para auparse a la vistoria en el Paseo de los Ingleses.<\/div>\n<h3>C\u00f3mo seguir la prueba<\/h3>\n<p>En <a href=\"http:\/\/eu.ironman.com\/triathlon\/coverage\/detail.aspx?race=france&amp;y=2019#axzz5sApQluxP\" rel=\"nofollow noopener\" target=\"_blank\">este enlace<\/a> podr\u00e1s ver las alternativas que ofrece Ironman para seguir la prueba en directo. Desde las 6:25am hora espa\u00f1ola.<\/p>\n","protected":false},"excerpt":{"rendered":"<p>La ciudad de Niza, centro neur\u00e1lgico de la Costa Azul e icono del turismo, alberga un a\u00f1o m\u00e1s su prestigioso Ironman, con Albert Moreno y Carlos Aznar entre los mejores.\u00a0 Este domingo se celebra el heredero de uno de los primeros triatlones de larga distancia del mundo. Organizado por primera vez en 1982, fue considerado [&hellip;]<\/p>\n","protected":false},"author":306,"featured_media":63033,"comment_status":"closed","ping_status":"closed","sticky":false,"template":"","format":"standard","meta":{"_acf_changed":false,"rank_math_lock_modified_date":false,"footnotes":""},"categories":[17,2033],"tags":[535,5941,70],"class_list":{"0":"post-63029","1":"post","2":"type-post","3":"status-publish","4":"format-standard","5":"has-post-thumbnail","7":"category-actualidad","8":"category-sport","9":"tag-albert-moreno","10":"tag-carlos-aznar","11":"tag-ironman-niza"},"acf":[],"_links":{"self":[{"href":"https:\/\/miurltemporal.com/main/triatletasenred.sport.es\/wp-json\/wp\/v2\/posts\/63029"}],"collection":[{"href":"https:\/\/miurltemporal.com/main/triatletasenred.sport.es\/wp-json\/wp\/v2\/posts"}],"about":[{"href":"https:\/\/miurltemporal.com/main/triatletasenred.sport.es\/wp-json\/wp\/v2\/types\/post"}],"author":[{"embeddable":true,"href":"https:\/\/miurltemporal.com/main/triatletasenred.sport.es\/wp-json\/wp\/v2\/users\/306"}],"replies":[{"embeddable":true,"href":"https:\/\/miurltemporal.com/main/triatletasenred.sport.es\/wp-json\/wp\/v2\/comments?post=63029"}],"version-history":[{"count":0,"href":"https:\/\/miurltemporal.com/main/triatletasenred.sport.es\/wp-json\/wp\/v2\/posts\/63029\/revisions"}],"wp:featuredmedia":[{"embeddable":true,"href":"https:\/\/miurltemporal.com/main/triatletasenred.sport.es\/wp-json\/wp\/v2\/media\/63033"}],"wp:attachment":[{"href":"https:\/\/miurltemporal.com/main/triatletasenred.sport.es\/wp-json\/wp\/v2\/media?parent=63029"}],"wp:term":[{"taxonomy":"category","embeddable":true,"href":"https:\/\/miurltemporal.com/main/triatletasenred.sport.es\/wp-json\/wp\/v2\/categories?post=63029"},{"taxonomy":"post_tag","embeddable":true,"href":"https:\/\/miurltemporal.com/main/triatletasenred.sport.es\/wp-json\/wp\/v2\/tags?post=63029"}],"curies":[{"name":"wp","href":"https:\/\/api.w.org\/{rel}","templated":true}]}}