{"id":62980,"date":"2019-06-25T07:00:13","date_gmt":"2019-06-25T05:00:13","guid":{"rendered":"https:\/\/miurltemporal.com/main/triatletasenred.sport.es\/?p=62980"},"modified":"2019-06-26T00:33:38","modified_gmt":"2019-06-25T22:33:38","slug":"ivan-rana-y-saleta-castro-frente-a-los-lideres-mundiales-en-el-ironman-de-frankfurt","status":"publish","type":"post","link":"https:\/\/miurltemporal.com/main/triatletasenred.sport.es\/actualidad\/ivan-rana-y-saleta-castro-frente-a-los-lideres-mundiales-en-el-ironman-de-frankfurt\/","title":{"rendered":"Saleta Castro, nuestra mejor baza en el Ironman de Frankfurt"},"content":{"rendered":"<h3>Este s\u00e1bado competir\u00e1n los l\u00edderes mundiales en distancia Ironman para luchar por el t\u00edtulo europeo en Frankfurt.\u00a0Patrick Lange, Jan Frodeno, Sebastian Kienle, Daniela Ryf,\u00a0 Daniela Bleymehl y Sarah True parten como favoritos.<\/h3>\n<p><a href=\"https:\/\/zone3.es\/\" rel=\"nofollow noopener\" target=\"_blank\"><img fetchpriority=\"high\" decoding=\"async\" class=\"alignnone size-full wp-image-58904\" src=\"https:\/\/miurltemporal.com/main/triatletasenred.sport.es\/wp-content\/uploads\/zone3-nuevo-1.gif\" alt=\"\" width=\"746\" height=\"149\" \/><\/a><\/p>\n<p>El pr\u00f3ximo 29 de junio se celebra el <strong>IRONMAN Frankfurt<\/strong>, una prueba fundamental del circuito internacional de larga distancia. La ciudad alemana ser\u00e1 de nuevo el escenario del recorrido en el que se disputar\u00e1 el <strong>t\u00edtulo europeo de Ironman.<\/strong><\/p>\n<p><strong>La #TriArmada<\/strong> estar\u00e1 formada por <strong>Sergio Bolado, V\u00edctor Arroyo y Saleta Castro.<\/strong> Por su parte, el gallego <strong>Iv\u00e1n Ra\u00f1a<\/strong> y el valenciano <strong>Emilio Aguayo<\/strong>, inscritos en la lista de participantes, no tomar\u00e1n la salida en esta competici\u00f3n despu\u00e9s de haberse enfrentado &#8211;<a href=\"https:\/\/miurltemporal.com/main/triatletasenred.sport.es\/actualidad\/sensacional-debut-en-ironman-de-emilio-aguayo-en-lanzarote\/\">con diferente suerte<\/a>&#8211; al <strong>Ironman de Lanzarote<\/strong>.<\/p>\n<p>Si atendemos a los triatletas internacionales, veremos en la l\u00ednea de salida a los l\u00edderes mundiales de la distancia.\u00a0<strong>Patrick Lange, Jan Frodeno y Sebastian Kienle<\/strong>\u00a0saldr\u00e1n con los dorsales 1, 2 y 3 respectivamente.<\/p>\n<p>En categor\u00eda femenina,\u00a0<strong>Daniela Ryf,<\/strong>\u00a0actual campeona de Europa de la distancia,\u00a0<strong>Daniela Bleymehl y Sarah True<\/strong>\u00a0parten como favoritas a la obtenci\u00f3n del t\u00edtulo. La alemana\u00a0<strong>Anne Haug<\/strong>, bronce en el <strong>Campeonato del Mundo de IRONMAN<\/strong> finalmente no tomar\u00e1 la salida debido a una lesi\u00f3n en la parte baja de una pierna, tal y como publicaba en su Instagram.<\/p>\n<p>Estaremos pendientes del reencuentro de <strong>Saleta Castro<\/strong> con esta prueba y su lucha por el que ser\u00eda su primer podio de la actual temporada. La participaci\u00f3n de la gallega promete una buena posici\u00f3n tras su <strong>novena posici\u00f3n en el Campeonato del Mundo de larga distancia<\/strong>.<\/p>\n","protected":false},"excerpt":{"rendered":"<p>Este s\u00e1bado competir\u00e1n los l\u00edderes mundiales en distancia Ironman para luchar por el t\u00edtulo europeo en Frankfurt.\u00a0Patrick Lange, Jan Frodeno, Sebastian Kienle, Daniela Ryf,\u00a0 Daniela Bleymehl y Sarah True parten como favoritos.<\/p>\n","protected":false},"author":307,"featured_media":50813,"comment_status":"closed","ping_status":"closed","sticky":false,"template":"","format":"standard","meta":{"_acf_changed":false,"rank_math_lock_modified_date":false,"footnotes":""},"categories":[17,2033],"tags":[4762,3301,4369,403,1936,383,7027,6336],"class_list":{"0":"post-62980","1":"post","2":"type-post","3":"status-publish","4":"format-standard","5":"has-post-thumbnail","7":"category-actualidad","8":"category-sport","9":"tag-campeonato-de-europa","10":"tag-daniela-ryf","11":"tag-ironman-frankfurt","12":"tag-ivan-rana","13":"tag-jan-frodeno","14":"tag-saleta-castro","15":"tag-sergio-bolado","16":"tag-victor-arroyo"},"acf":[],"_links":{"self":[{"href":"https:\/\/miurltemporal.com/main/triatletasenred.sport.es\/wp-json\/wp\/v2\/posts\/62980"}],"collection":[{"href":"https:\/\/miurltemporal.com/main/triatletasenred.sport.es\/wp-json\/wp\/v2\/posts"}],"about":[{"href":"https:\/\/miurltemporal.com/main/triatletasenred.sport.es\/wp-json\/wp\/v2\/types\/post"}],"author":[{"embeddable":true,"href":"https:\/\/miurltemporal.com/main/triatletasenred.sport.es\/wp-json\/wp\/v2\/users\/307"}],"replies":[{"embeddable":true,"href":"https:\/\/miurltemporal.com/main/triatletasenred.sport.es\/wp-json\/wp\/v2\/comments?post=62980"}],"version-history":[{"count":0,"href":"https:\/\/miurltemporal.com/main/triatletasenred.sport.es\/wp-json\/wp\/v2\/posts\/62980\/revisions"}],"wp:featuredmedia":[{"embeddable":true,"href":"https:\/\/miurltemporal.com/main/triatletasenred.sport.es\/wp-json\/wp\/v2\/media\/50813"}],"wp:attachment":[{"href":"https:\/\/miurltemporal.com/main/triatletasenred.sport.es\/wp-json\/wp\/v2\/media?parent=62980"}],"wp:term":[{"taxonomy":"category","embeddable":true,"href":"https:\/\/miurltemporal.com/main/triatletasenred.sport.es\/wp-json\/wp\/v2\/categories?post=62980"},{"taxonomy":"post_tag","embeddable":true,"href":"https:\/\/miurltemporal.com/main/triatletasenred.sport.es\/wp-json\/wp\/v2\/tags?post=62980"}],"curies":[{"name":"wp","href":"https:\/\/api.w.org\/{rel}","templated":true}]}}