{"id":62843,"date":"2019-06-14T02:05:39","date_gmt":"2019-06-14T00:05:39","guid":{"rendered":"https:\/\/miurltemporal.com/main/triatletasenred.sport.es\/?p=62843"},"modified":"2019-06-14T02:05:39","modified_gmt":"2019-06-14T00:05:39","slug":"duelo-de-gallos-en-la-tercera-edicion-del-triatlon-de-la-rioja","status":"publish","type":"post","link":"https:\/\/miurltemporal.com/main/triatletasenred.sport.es\/actualidad\/duelo-de-gallos-en-la-tercera-edicion-del-triatlon-de-la-rioja\/","title":{"rendered":"Duelo de gallos en la tercera edici\u00f3n del Triatl\u00f3n de La Rioja"},"content":{"rendered":"<h3>La participaci\u00f3n vuelve a reunir al campe\u00f3n de 2017, Joan Ruvireta, el de 2018, Gustavo Rodr\u00edguez, y a sus acompa\u00f1antes en el podium Alejandro Santamar\u00eda y Crist\u00f3bal Dios.<\/h3>\n<p><a href=\"https:\/\/www.skechers.com\/es-es\/search?t=GOrun+ride+7\" rel=\"nofollow noopener\" target=\"_blank\"><img fetchpriority=\"high\" decoding=\"async\" class=\"alignnone size-full wp-image-58098\" src=\"https:\/\/miurltemporal.com/main/triatletasenred.sport.es\/wp-content\/uploads\/RIDE-7.jpg\" alt=\"\" width=\"750\" height=\"100\" srcset=\"https:\/\/miurltemporal.com/main/triatletasenred.sport.es\/wp-content\/uploads\/RIDE-7.jpg 750w, https:\/\/miurltemporal.com/main/triatletasenred.sport.es\/wp-content\/uploads\/RIDE-7-700x93.jpg 700w, https:\/\/miurltemporal.com/main/triatletasenred.sport.es\/wp-content\/uploads\/RIDE-7-300x40.jpg 300w, https:\/\/miurltemporal.com/main/triatletasenred.sport.es\/wp-content\/uploads\/RIDE-7-640x85.jpg 640w\" sizes=\"(max-width: 750px) 100vw, 750px\" \/><\/a><\/p>\n<p>Este s\u00e1bado a las 14:40 arrancar\u00e1 en el embarcadero del Ebro, en Logro\u00f1o, el tercer <strong>Triatl\u00f3n de la Rioja<\/strong>. Una edici\u00f3n que estar\u00e1 re\u00f1ida ya que contar\u00e1 con muchos favoritos a la victoria, con los tres mejores del pasado a\u00f1o, <strong>Gustavo Rodr\u00edguez, Alejandro Santamar\u00eda <\/strong>y<strong> Crist\u00f3bal Dios<\/strong>; y el mejor de la anterior, <strong>Joan Ruvireta<\/strong>, entre otros grandes triatletas.<\/p>\n<p><strong>M\u00e1s de 600 deportistas<\/strong> se dar\u00e1n cita, entre ellos m\u00e1s de 50 chicas, en el Ebro para nadar (1&#8217;9km), recorrer en bici La Rioja (90km) para finalmente correr en las c\u00e9ntricas calles de Logro\u00f1o (21km). Por la zona del casco antiguo estar\u00e1n pasando los triatletas entre las 18 y las 21 horas por lo que el ambiente estar\u00e1 asegurado.<\/p>\n<p>En cuanto al programa, <strong>la primera salida ser\u00e1 a las 14:40<\/strong> cuando <strong>la categor\u00eda femenina<\/strong> comience el segmento de nataci\u00f3n. <strong>A las 14:50 saldr\u00e1 la categor\u00eda \u00e9lite masculina, y poco despu\u00e9s el resto de participantes<\/strong>. Se espera que el trazado de bici lo comiencen a las 15:10 y est\u00e9n de vuelta en el polideportivo Adarraga entorno a las 17:30. Tras dejar las bicis completar\u00e1n los \u00faltimos 21kms para saber qui\u00e9n es el ganador y la ganadora sobre las 19:30. Estos horarios son aproximados porque hasta las 22:30 no se espera que acabe la carrera.<\/p>\n","protected":false},"excerpt":{"rendered":"<p>La participaci\u00f3n vuelve a reunir al campe\u00f3n de 2017, Joan Ruvireta, el de 2018, Gustavo Rodr\u00edguez, y a sus acompa\u00f1antes en el podium Alejandro Santamar\u00eda y Crist\u00f3bal Dios. Este s\u00e1bado a las 14:40 arrancar\u00e1 en el embarcadero del Ebro, en Logro\u00f1o, el tercer Triatl\u00f3n de la Rioja. Una edici\u00f3n que estar\u00e1 re\u00f1ida ya que contar\u00e1 [&hellip;]<\/p>\n","protected":false},"author":306,"featured_media":62847,"comment_status":"closed","ping_status":"closed","sticky":false,"template":"","format":"standard","meta":{"_acf_changed":false,"rank_math_lock_modified_date":false,"footnotes":""},"categories":[17,2033],"tags":[682,4858,2208,2318,5635],"class_list":{"0":"post-62843","1":"post","2":"type-post","3":"status-publish","4":"format-standard","5":"has-post-thumbnail","7":"category-actualidad","8":"category-sport","9":"tag-alejandro-santamaria","10":"tag-cristobal-dios","11":"tag-gustavo-rodriguez","12":"tag-joan-ruvireta","13":"tag-triatlon-de-la-rioja"},"acf":[],"_links":{"self":[{"href":"https:\/\/miurltemporal.com/main/triatletasenred.sport.es\/wp-json\/wp\/v2\/posts\/62843"}],"collection":[{"href":"https:\/\/miurltemporal.com/main/triatletasenred.sport.es\/wp-json\/wp\/v2\/posts"}],"about":[{"href":"https:\/\/miurltemporal.com/main/triatletasenred.sport.es\/wp-json\/wp\/v2\/types\/post"}],"author":[{"embeddable":true,"href":"https:\/\/miurltemporal.com/main/triatletasenred.sport.es\/wp-json\/wp\/v2\/users\/306"}],"replies":[{"embeddable":true,"href":"https:\/\/miurltemporal.com/main/triatletasenred.sport.es\/wp-json\/wp\/v2\/comments?post=62843"}],"version-history":[{"count":0,"href":"https:\/\/miurltemporal.com/main/triatletasenred.sport.es\/wp-json\/wp\/v2\/posts\/62843\/revisions"}],"wp:featuredmedia":[{"embeddable":true,"href":"https:\/\/miurltemporal.com/main/triatletasenred.sport.es\/wp-json\/wp\/v2\/media\/62847"}],"wp:attachment":[{"href":"https:\/\/miurltemporal.com/main/triatletasenred.sport.es\/wp-json\/wp\/v2\/media?parent=62843"}],"wp:term":[{"taxonomy":"category","embeddable":true,"href":"https:\/\/miurltemporal.com/main/triatletasenred.sport.es\/wp-json\/wp\/v2\/categories?post=62843"},{"taxonomy":"post_tag","embeddable":true,"href":"https:\/\/miurltemporal.com/main/triatletasenred.sport.es\/wp-json\/wp\/v2\/tags?post=62843"}],"curies":[{"name":"wp","href":"https:\/\/api.w.org\/{rel}","templated":true}]}}