{"id":62648,"date":"2019-06-02T17:53:04","date_gmt":"2019-06-02T15:53:04","guid":{"rendered":"https:\/\/miurltemporal.com/main/triatletasenred.sport.es\/?p=62648"},"modified":"2019-06-03T10:03:36","modified_gmt":"2019-06-03T08:03:36","slug":"espana-logra-la-octava-plaza-en-el-campeonato-de-europa-de-relevos-mixtos","status":"publish","type":"post","link":"https:\/\/miurltemporal.com/main/triatletasenred.sport.es\/actualidad\/espana-logra-la-octava-plaza-en-el-campeonato-de-europa-de-relevos-mixtos\/","title":{"rendered":"Espa\u00f1a logra la octava plaza en el Campeonato de Europa de relevos mixtos"},"content":{"rendered":"<h3>Francia se impone una de las modalidades m\u00e1s r\u00e1pidas y espectaculares del triatl\u00f3n, disciplina que debutar\u00e1 en los pr\u00f3ximos Juegos Ol\u00edmpicos de Tokio.<\/h3>\n<p><a href=\"https:\/\/www.inverseteams.com\/es\/ropa-de-triatlon-personalizada\" rel=\"nofollow noopener\" target=\"_blank\"><img fetchpriority=\"high\" decoding=\"async\" class=\"aligncenter size-full wp-image-62487\" src=\"https:\/\/miurltemporal.com/main/triatletasenred.sport.es\/wp-content\/uploads\/BANNER_triatletasenred_2019.gif\" alt=\"\" width=\"750\" height=\"150\" \/><\/a><\/p>\n<p style=\"text-align: justify;\">El equipo espa\u00f1ol formado por <strong>Anna Godoy, Ignacio Gonz\u00e1lez, Miriam Casillas y Antonio Serrat<\/strong> -participando en este orden- han obtenido la octava plaza en un Europeo dominado por <strong>Francia, Alemania y la local Holanda.<\/strong><\/p>\n<p style=\"text-align: justify;\">La primera posta de <strong>Godoy<\/strong> situaba a la <strong>#TriArmada<\/strong> en la tercera plaza tras la nataci\u00f3n y la manten\u00eda en una meritoria sexta posici\u00f3n tras la carrera a pie. Pero el siguiente relevo de <strong>Ignacio Gonz\u00e1lez<\/strong> nos relegaba a un segundo grupo a unos segundos de los siete primeros. El tercer relevo no mejoraba para <strong>Espa\u00f1a<\/strong> que se situaba entre la octava y d\u00e9cima posici\u00f3n sin opciones de remontar hasta un grupo de seis componentes que se hab\u00eda asentado en cabeza de carrera: eran <strong>Francia, Alemania, Gran Breta\u00f1a, Portugal, B\u00e9lgica y Holanda<\/strong> quienes se iban a jugar las medallas.<\/p>\n<p style=\"text-align: justify;\">Finalmente los relevos de <strong>Casillas<\/strong> y<strong> Serrat<\/strong> nos manten\u00edan en una meritoria octava plaza mientras por delante la pugna entre <strong>Alemania y Francia,<\/strong> en un rapid\u00edsmo \u00faltimo segmento, daba el oro a la <strong>Francia <\/strong>de<strong> L\u00e9o Bergere<\/strong>, que junto a <strong>Sandra Dodet<\/strong>, <strong>Paul Georgenthum y Emilie Morier<\/strong> se proclamaban flamantes <strong>Campeones de Europa en Relevos Mixtos<\/strong> en la edici\u00f3n 2019.<\/p>\n","protected":false},"excerpt":{"rendered":"<p>Francia se impone una de las modalidades m\u00e1s r\u00e1pidas y espectaculares del triatl\u00f3n, disciplina que debutar\u00e1 en los pr\u00f3ximos Juegos Ol\u00edmpicos de Tokio.<\/p>\n","protected":false},"author":306,"featured_media":62659,"comment_status":"closed","ping_status":"closed","sticky":false,"template":"","format":"standard","meta":{"_acf_changed":false,"rank_math_lock_modified_date":false,"footnotes":""},"categories":[17,2033],"tags":[4762,1151,2180,2865],"class_list":{"0":"post-62648","1":"post","2":"type-post","3":"status-publish","4":"format-standard","5":"has-post-thumbnail","7":"category-actualidad","8":"category-sport","10":"tag-espana","11":"tag-francia","12":"tag-relevos-mixtos"},"acf":[],"_links":{"self":[{"href":"https:\/\/miurltemporal.com/main/triatletasenred.sport.es\/wp-json\/wp\/v2\/posts\/62648"}],"collection":[{"href":"https:\/\/miurltemporal.com/main/triatletasenred.sport.es\/wp-json\/wp\/v2\/posts"}],"about":[{"href":"https:\/\/miurltemporal.com/main/triatletasenred.sport.es\/wp-json\/wp\/v2\/types\/post"}],"author":[{"embeddable":true,"href":"https:\/\/miurltemporal.com/main/triatletasenred.sport.es\/wp-json\/wp\/v2\/users\/306"}],"replies":[{"embeddable":true,"href":"https:\/\/miurltemporal.com/main/triatletasenred.sport.es\/wp-json\/wp\/v2\/comments?post=62648"}],"version-history":[{"count":0,"href":"https:\/\/miurltemporal.com/main/triatletasenred.sport.es\/wp-json\/wp\/v2\/posts\/62648\/revisions"}],"wp:featuredmedia":[{"embeddable":true,"href":"https:\/\/miurltemporal.com/main/triatletasenred.sport.es\/wp-json\/wp\/v2\/media\/62659"}],"wp:attachment":[{"href":"https:\/\/miurltemporal.com/main/triatletasenred.sport.es\/wp-json\/wp\/v2\/media?parent=62648"}],"wp:term":[{"taxonomy":"category","embeddable":true,"href":"https:\/\/miurltemporal.com/main/triatletasenred.sport.es\/wp-json\/wp\/v2\/categories?post=62648"},{"taxonomy":"post_tag","embeddable":true,"href":"https:\/\/miurltemporal.com/main/triatletasenred.sport.es\/wp-json\/wp\/v2\/tags?post=62648"}],"curies":[{"name":"wp","href":"https:\/\/api.w.org\/{rel}","templated":true}]}}