{"id":62625,"date":"2019-05-31T07:02:23","date_gmt":"2019-05-31T05:02:23","guid":{"rendered":"https:\/\/miurltemporal.com/main/triatletasenred.sport.es\/?p=62625"},"modified":"2019-05-30T19:54:28","modified_gmt":"2019-05-30T17:54:28","slug":"historico-un-paratriatleta-competira-en-el-campeonato-de-espana-elite","status":"publish","type":"post","link":"https:\/\/miurltemporal.com/main/triatletasenred.sport.es\/actualidad\/historico-un-paratriatleta-competira-en-el-campeonato-de-espana-elite\/","title":{"rendered":"Hist\u00f3rico: un paratriatleta competir\u00e1 en el Campeonato de Espa\u00f1a \u00c9lite"},"content":{"rendered":"<h3 style=\"text-align: justify;\">El almeriense Jairo Ruiz estar\u00e1 el 8 de junio en la l\u00ednea de salida del Campeonato de Espa\u00f1a de Triatl\u00f3n Sprint, algo totalmente in\u00e9dito.<\/h3>\n<p><\/a><\/p>\n<p>Hay noticias que gustan y noticias que incluso logran emocionarnos. \u00c9sta, sin duda, es una de esas y est\u00e1 protagonizada por uno de los encargados de demostrar, a\u00f1o tras a\u00f1o, que los paradeportistas no tienen l\u00edmites. Hablamos de <strong>Jairo Ruiz<\/strong>, un almeriense de 30 a\u00f1os que se colg\u00f3 <strong>medalla de bronce en paratriatl\u00f3n en los Juegos Paral\u00edmpicos de R\u00edo de Janeiro 2016<\/strong> y que la semana que viene escribir\u00e1 con letras doradas una nueva p\u00e1gina en la historia de nuestro deporte.<\/p>\n<p style=\"text-align: justify;\">Lo har\u00e1 en Roquetas de Mar, cerca del lugar donde naci\u00f3. All\u00ed, <strong>Ruiz disputar\u00e1 el pr\u00f3ximo 8 de junio el Campeonato de Espa\u00f1a de Triatl\u00f3n en distancia Sprint<\/strong>. Ser\u00e1 <strong>la primera vez que un deportista adaptado participe en una competici\u00f3n como \u00e9sta<\/strong>,\u00a0 en la que tomar\u00e1n salida los mejores especialistas de la corta distancia de nuestro pa\u00eds. <strong>Le falta el antebrazo izquierdo. Le sobran agallas.\u00a0<\/strong><\/p>\n<p style=\"text-align: justify;\">Para estar en la cita, <strong>Ruiz no ha contado con ning\u00fan tipo de ayuda y ha cumplido con todos los criterios de selecci\u00f3n de la FETRI<\/strong>. Ahora, a este h\u00e9roe solo le queda disfrutar de la que ser\u00e1 una carrera inolvidable para \u00e9l y demostrar que puede estar a la altura del resto de triatletas, algo que ya ha dejado claro en otras pruebas de primer nivel nacional en las que participado durante los \u00faltimos meses: la Copa del Rey, el Campeonato de Espa\u00f1a de Duatl\u00f3n por Relevos o el Nacional de Duatl\u00f3n Contrarreloj por Equipos.<\/p>\n","protected":false},"excerpt":{"rendered":"<p>El almeriense Jairo Ruiz estar\u00e1 el 8 de junio en la l\u00ednea de salida del Campeonato de Espa\u00f1a de Triatl\u00f3n Sprint, algo totalmente in\u00e9dito.\u00a0<\/p>\n","protected":false},"author":302,"featured_media":62626,"comment_status":"closed","ping_status":"closed","sticky":false,"template":"","format":"standard","meta":{"_acf_changed":false,"rank_math_lock_modified_date":false,"footnotes":""},"categories":[17,2033],"tags":[6050,6978,4948,1099,6979],"class_list":{"0":"post-62625","1":"post","2":"type-post","3":"status-publish","4":"format-standard","5":"has-post-thumbnail","7":"category-actualidad","8":"category-sport","10":"tag-campeonato-de-espana-triatlon-sprint","11":"tag-jairo-ruiz","12":"tag-paratriatlon","13":"tag-roquetas-de-mar"},"acf":[],"_links":{"self":[{"href":"https:\/\/miurltemporal.com/main/triatletasenred.sport.es\/wp-json\/wp\/v2\/posts\/62625"}],"collection":[{"href":"https:\/\/miurltemporal.com/main/triatletasenred.sport.es\/wp-json\/wp\/v2\/posts"}],"about":[{"href":"https:\/\/miurltemporal.com/main/triatletasenred.sport.es\/wp-json\/wp\/v2\/types\/post"}],"author":[{"embeddable":true,"href":"https:\/\/miurltemporal.com/main/triatletasenred.sport.es\/wp-json\/wp\/v2\/users\/302"}],"replies":[{"embeddable":true,"href":"https:\/\/miurltemporal.com/main/triatletasenred.sport.es\/wp-json\/wp\/v2\/comments?post=62625"}],"version-history":[{"count":0,"href":"https:\/\/miurltemporal.com/main/triatletasenred.sport.es\/wp-json\/wp\/v2\/posts\/62625\/revisions"}],"wp:featuredmedia":[{"embeddable":true,"href":"https:\/\/miurltemporal.com/main/triatletasenred.sport.es\/wp-json\/wp\/v2\/media\/62626"}],"wp:attachment":[{"href":"https:\/\/miurltemporal.com/main/triatletasenred.sport.es\/wp-json\/wp\/v2\/media?parent=62625"}],"wp:term":[{"taxonomy":"category","embeddable":true,"href":"https:\/\/miurltemporal.com/main/triatletasenred.sport.es\/wp-json\/wp\/v2\/categories?post=62625"},{"taxonomy":"post_tag","embeddable":true,"href":"https:\/\/miurltemporal.com/main/triatletasenred.sport.es\/wp-json\/wp\/v2\/tags?post=62625"}],"curies":[{"name":"wp","href":"https:\/\/api.w.org\/{rel}","templated":true}]}}