{"id":62611,"date":"2019-05-30T15:21:14","date_gmt":"2019-05-30T13:21:14","guid":{"rendered":"https:\/\/miurltemporal.com/main/triatletasenred.sport.es\/?p=62611"},"modified":"2019-05-30T15:21:14","modified_gmt":"2019-05-30T13:21:14","slug":"pablo-dapena-en-busca-de-su-billete-para-el-mundial-de-70-3","status":"publish","type":"post","link":"https:\/\/miurltemporal.com/main/triatletasenred.sport.es\/actualidad\/pablo-dapena-en-busca-de-su-billete-para-el-mundial-de-70-3\/","title":{"rendered":"Pablo Dapena en busca de su billete para el Mundial de 70.3"},"content":{"rendered":"<h3 style=\"text-align: justify;\">El gallego compite este domingo en el Ironman 70.3 de Suiza, donde una victoria le dar\u00eda acceso para el Campeonato del Mundo de la distancia.<\/h3>\n<p><a href=\"https:\/\/www.canyon.com\/es-es\/road-bikes\/triathlon-bikes\/speedmax\/?utm_campaign=Speedmax-ES-May-2019&amp;utm_medium=display&amp;utm_source=triatletasenred\" rel=\"nofollow noopener\" target=\"_blank\"><img fetchpriority=\"high\" decoding=\"async\" class=\"aligncenter size-full wp-image-61192\" src=\"https:\/\/miurltemporal.com/main/triatletasenred.sport.es\/wp-content\/uploads\/Speedmax_ES_gif_728x90px.gif\" alt=\"\" width=\"728\" height=\"90\" \/><\/a><\/p>\n<p style=\"text-align: justify;\"><strong>&#8220;Mi objetivo de 2019 es clasificarme para el pr\u00f3ximo Campeonato del Mundo de Ironman 70.3&#8221;. Pablo Dapena<\/strong> ten\u00eda y tiene muy clara su meta principal para esta temporada y as\u00ed nos lo cont\u00f3 en <a href=\"https:\/\/miurltemporal.com/main/triatletasenred.sport.es\/actualidad\/entrevista-pablo-dapena\/\">la entrevista que nos concedi\u00f3 el pasado mes de diciembre<\/a>. Desde entonces, el gallego ha logrado mantener una din\u00e1mica fant\u00e1stica con <strong>dos segundos puestos en el Challenge de Salou y en el Challenge de Lisboa<\/strong> y ese s<strong>ubcampeonato en el Mundial ITU LD<\/strong> de Pontevedra que tuvo sabor a victoria.<\/p>\n<p style=\"text-align: justify;\">Tras ese gran arranque de curso, el momento clave para que Dapena consiga el objetivo que se propuso ha llegado. El domingo debutar\u00e1 en el primer <strong>Ironman 70.3<\/strong> de su carrera, en <strong>Suiza<\/strong>, y si quiere estar el pr\u00f3ximo 7 de septiembre junto a los mejores del planeta solo le vale ganar, cosa que no ser\u00e1 tarea f\u00e1cil. Y es que en Suiza se enfrentar\u00e1 a hombres de gran nivel como <strong>Ruedi Wild<\/strong>, que ya le gan\u00f3 en <strong>Lisboa, Andi Boecherer, Manuel K\u00fcng, Michael Raelert o Yohan Le Berre<\/strong>, campe\u00f3n de Europa de duatl\u00f3n.<\/p>\n<h3>Horario<\/h3>\n<p>La prueba dar\u00e1 comienzo el<strong> domingo 2 de junio a las 7:55 AM.\u00a0<\/strong><\/p>\n","protected":false},"excerpt":{"rendered":"<p>El gallego compite este domingo en el Ironman 70.3 de Suiza, donde una victoria le dar\u00eda acceso para el Campeonato del Mundo de la distancia.\u00a0<\/p>\n","protected":false},"author":302,"featured_media":62612,"comment_status":"closed","ping_status":"closed","sticky":false,"template":"","format":"standard","meta":{"_acf_changed":false,"rank_math_lock_modified_date":false,"footnotes":""},"categories":[17,2033],"tags":[6976,6977,2483],"class_list":{"0":"post-62611","1":"post","2":"type-post","3":"status-publish","4":"format-standard","5":"has-post-thumbnail","7":"category-actualidad","8":"category-sport","9":"tag-ironman-70-3-suiza","10":"tag-mundial-de-70-3","11":"tag-pablo-dapena"},"acf":[],"_links":{"self":[{"href":"https:\/\/miurltemporal.com/main/triatletasenred.sport.es\/wp-json\/wp\/v2\/posts\/62611"}],"collection":[{"href":"https:\/\/miurltemporal.com/main/triatletasenred.sport.es\/wp-json\/wp\/v2\/posts"}],"about":[{"href":"https:\/\/miurltemporal.com/main/triatletasenred.sport.es\/wp-json\/wp\/v2\/types\/post"}],"author":[{"embeddable":true,"href":"https:\/\/miurltemporal.com/main/triatletasenred.sport.es\/wp-json\/wp\/v2\/users\/302"}],"replies":[{"embeddable":true,"href":"https:\/\/miurltemporal.com/main/triatletasenred.sport.es\/wp-json\/wp\/v2\/comments?post=62611"}],"version-history":[{"count":0,"href":"https:\/\/miurltemporal.com/main/triatletasenred.sport.es\/wp-json\/wp\/v2\/posts\/62611\/revisions"}],"wp:featuredmedia":[{"embeddable":true,"href":"https:\/\/miurltemporal.com/main/triatletasenred.sport.es\/wp-json\/wp\/v2\/media\/62612"}],"wp:attachment":[{"href":"https:\/\/miurltemporal.com/main/triatletasenred.sport.es\/wp-json\/wp\/v2\/media?parent=62611"}],"wp:term":[{"taxonomy":"category","embeddable":true,"href":"https:\/\/miurltemporal.com/main/triatletasenred.sport.es\/wp-json\/wp\/v2\/categories?post=62611"},{"taxonomy":"post_tag","embeddable":true,"href":"https:\/\/miurltemporal.com/main/triatletasenred.sport.es\/wp-json\/wp\/v2\/tags?post=62611"}],"curies":[{"name":"wp","href":"https:\/\/api.w.org\/{rel}","templated":true}]}}