{"id":62596,"date":"2019-05-31T07:00:54","date_gmt":"2019-05-31T05:00:54","guid":{"rendered":"https:\/\/miurltemporal.com/main/triatletasenred.sport.es\/?p=62596"},"modified":"2019-05-30T18:46:55","modified_gmt":"2019-05-30T16:46:55","slug":"challenge-reune-a-sus-estrellas-en-la-cita-mas-importante-del-ano","status":"publish","type":"post","link":"https:\/\/miurltemporal.com/main/triatletasenred.sport.es\/actualidad\/challenge-reune-a-sus-estrellas-en-la-cita-mas-importante-del-ano\/","title":{"rendered":"Challenge re\u00fane a sus estrellas en la cita m\u00e1s importante del a\u00f1o"},"content":{"rendered":"<h3>Challenge The Championships es el hom\u00f3logo al campeonato del mundo de la franquicia y se celebra este fin de semana en Samor\u00edn.<\/h3>\n<h3><a href=\"https:\/\/www.inverseteams.com\/es\/ropa-de-triatlon-personalizada\" rel=\"nofollow noopener\" target=\"_blank\"><img fetchpriority=\"high\" decoding=\"async\" class=\"aligncenter size-full wp-image-62487\" src=\"https:\/\/miurltemporal.com/main/triatletasenred.sport.es\/wp-content\/uploads\/BANNER_triatletasenred_2019.gif\" alt=\"\" width=\"750\" height=\"150\" \/><\/a><\/h3>\n<p>El pr\u00f3ximo domingo d\u00eda 2 de junio, y sobre media distancia (1,9-90-21), la cita m\u00e1s relevante para Challenge Family tendr\u00e1 lugar en <strong>Samor\u00edn<\/strong>, peque\u00f1a localidad al oeste de <strong>Eslovaquia<\/strong>. Tal es la importancia para la franquicia que invierten un m\u00ednimo de <strong>150.000 \u20ac en premios<\/strong> y re\u00fanen a estrellas tan importantes como <strong>Sebastian Kienle, Lucy Charles, Florian Angert, Radka Kahlefeldt, David McNamee, Ben Kanute, Ellie Salthouse, Frederic Funk, Daniela Bleymehl, Alexandra Tondeur, Joe Skipper y Pieter Heemeryck.<\/strong><\/p>\n<p>En categor\u00eda masculina el claro favorito es <strong>Kienle<\/strong> aunque apuntan a un excelente estado de forma del belga <strong>Pieter Heemeryck<\/strong>, cuarto el a\u00f1o pasado en la misma prueba. Entre las chicas <strong>Lucy Charles<\/strong> apunta a repetir la victoria del a\u00f1o pasado y <strong>Radka Kahlefeldt<\/strong>, tercera en 2018, es la aspirante con m\u00e1s opciones.<\/p>\n<p>El reto seguir\u00e1 siendo comer terreno a \u201cla otra\u201d gran marca de la distancia pero tambi\u00e9n ofrecer a los triatletas populares un evento de primer\u00edsima calidad y la oportunidad de competir al lado de sus grandes estrellas. Ser\u00e1n 830 participantes los que se medir\u00e1n a la media distancia <strong>Challenge<\/strong> que congrega a cada vez m\u00e1s espa\u00f1oles en sus listas de salida: hasta 49 triatletas viajar\u00e1n a la gran cita <strong>The Championships.<\/strong><\/p>\n<p><strong>S\u00edguela en directo<\/strong><br \/>\nEl domingo 2 de junio a partir de las 8:45am (hora espa\u00f1ola) podr\u00e1s seguir en directo la prueba en: <a href=\"http:\/\/live.challenge-family.com\/\" rel=\"nofollow noopener\" target=\"_blank\">http:\/\/live.challenge-family.com\/<\/a><\/p>\n","protected":false},"excerpt":{"rendered":"<p>Challenge The Championships es el hom\u00f3logo al campeonato del mundo de la franquicia y se celebra este fin de semana en Samor\u00edn, Eslovaquia.<\/p>\n","protected":false},"author":306,"featured_media":57770,"comment_status":"closed","ping_status":"closed","sticky":false,"template":"","format":"standard","meta":{"_acf_changed":false,"rank_math_lock_modified_date":false,"footnotes":""},"categories":[17,2033],"tags":[389,3221,6975,2248],"class_list":{"0":"post-62596","1":"post","2":"type-post","3":"status-publish","4":"format-standard","5":"has-post-thumbnail","7":"category-actualidad","8":"category-sport","9":"tag-challenge","10":"tag-eslovaquia","11":"tag-samorin","12":"tag-sebastian-kienle"},"acf":[],"_links":{"self":[{"href":"https:\/\/miurltemporal.com/main/triatletasenred.sport.es\/wp-json\/wp\/v2\/posts\/62596"}],"collection":[{"href":"https:\/\/miurltemporal.com/main/triatletasenred.sport.es\/wp-json\/wp\/v2\/posts"}],"about":[{"href":"https:\/\/miurltemporal.com/main/triatletasenred.sport.es\/wp-json\/wp\/v2\/types\/post"}],"author":[{"embeddable":true,"href":"https:\/\/miurltemporal.com/main/triatletasenred.sport.es\/wp-json\/wp\/v2\/users\/306"}],"replies":[{"embeddable":true,"href":"https:\/\/miurltemporal.com/main/triatletasenred.sport.es\/wp-json\/wp\/v2\/comments?post=62596"}],"version-history":[{"count":0,"href":"https:\/\/miurltemporal.com/main/triatletasenred.sport.es\/wp-json\/wp\/v2\/posts\/62596\/revisions"}],"wp:featuredmedia":[{"embeddable":true,"href":"https:\/\/miurltemporal.com/main/triatletasenred.sport.es\/wp-json\/wp\/v2\/media\/57770"}],"wp:attachment":[{"href":"https:\/\/miurltemporal.com/main/triatletasenred.sport.es\/wp-json\/wp\/v2\/media?parent=62596"}],"wp:term":[{"taxonomy":"category","embeddable":true,"href":"https:\/\/miurltemporal.com/main/triatletasenred.sport.es\/wp-json\/wp\/v2\/categories?post=62596"},{"taxonomy":"post_tag","embeddable":true,"href":"https:\/\/miurltemporal.com/main/triatletasenred.sport.es\/wp-json\/wp\/v2\/tags?post=62596"}],"curies":[{"name":"wp","href":"https:\/\/api.w.org\/{rel}","templated":true}]}}