{"id":62499,"date":"2019-05-22T12:40:51","date_gmt":"2019-05-22T10:40:51","guid":{"rendered":"https:\/\/miurltemporal.com/main/triatletasenred.sport.es\/?p=62499"},"modified":"2019-05-24T13:05:30","modified_gmt":"2019-05-24T11:05:30","slug":"teresa-ribes-y-fernando-santander-campeones-de-valencia-de-triatlon-md","status":"publish","type":"post","link":"https:\/\/miurltemporal.com/main/triatletasenred.sport.es\/actualidad\/teresa-ribes-y-fernando-santander-campeones-de-valencia-de-triatlon-md\/","title":{"rendered":"Teresa Ribes y Fernando Santander, campeones de Valencia de Triatl\u00f3n MD"},"content":{"rendered":"<h3 style=\"text-align: justify;\">Ambos se llevaron el t\u00edtulo auton\u00f3mico en la prueba disputada el domingo pasado en la localidad de Oropesa.<\/h3>\n<p><a href=\"http:\/\/www.mediterraneatriatlon.com\/?utm_source=trienred2&amp;utm_medium=banner&amp;utm_campaign=inscripciones\" rel=\"nofollow noopener\" target=\"_blank\"><img fetchpriority=\"high\" decoding=\"async\" class=\"aligncenter size-full wp-image-62100\" src=\"https:\/\/miurltemporal.com/main/triatletasenred.sport.es\/wp-content\/uploads\/Banner-maritim-post.gif\" alt=\"http:\/\/www.mediterraneatriatlon.com\/?utm_source=trienred2&amp;utm_medium=banner&amp;utm_campaign=inscripciones\" width=\"700\" height=\"150\" \/><\/a><\/p>\n<p style=\"text-align: justify;\">M\u00e1s de 250 triatletas se desplazaron el pasado domingo hasta la localidad castellonense para disputar el campeonato auton\u00f3mico de triatl\u00f3n de media distancia, tanto en categor\u00eda absoluta como grupos de edad.<\/p>\n<p style=\"text-align: justify;\">A partir de las 8 horas, la playa de la Concha, de Oropesa, acog\u00eda a todos los triatletas que iban a disputar el <strong>campeonato auton\u00f3mico de triatl\u00f3n de media distancia<\/strong>. Todos los participantes tendr\u00edan que recorrer 1.900 metros de nataci\u00f3n, 88 kil\u00f3metros de ciclismo y 21 kil\u00f3metros de carrera a pie.<\/p>\n<p>En el primer segmento Fernando Santander sal\u00eda del agua en primera posici\u00f3n, con una ventaja bastante importante frente a sus perseguidores. En f\u00e9minas, Teresa Ribes y Marta Lluch, sal\u00edan pr\u00e1cticamente juntas del agua. Despu\u00e9s de este segmento de 1.900 metros, los triatletas se sub\u00edan a la bicicleta, para completar los 88 kil\u00f3metros de ciclismo.<\/p>\n<p style=\"text-align: justify;\">Durante todo el segmento de ciclismo Fernando Santander lideraba la carrera. En cambio en f\u00e9minas, Marta Lluch, tras una gran transici\u00f3n sal\u00eda al segundo segmento como l\u00edder de la competici\u00f3n. Tras este largo segmento, en el que todos ellos tuvieron que marchar en solitario, debido a que el drafting no est\u00e1 permitido en esta modalidad. El triatleta castellonense Fernando Santander se bajaba de la bici a correr con una importante ventaja. En cambio, en la carrera femenina, el ciclismo provocaba algunos cambios en los primeros puesto, y era Teresa Ribes la que se bajaba a correr en primera posici\u00f3n.<\/p>\n<p style=\"text-align: justify;\">Un largo segmento de carrera a pie, 21 kil\u00f3metros, les quedaban por delante y cualquier cosa podr\u00eda pasar. Despu\u00e9s de dos vueltas de 10 kil\u00f3metros, recorriendo la costa de Oropesa del Mar, <strong>Fernando Santander, del DUURS Castell\u00f3 M-Motors, se proclamaba, por segundo a\u00f1o consecutivo, campe\u00f3n auton\u00f3mico de triatl\u00f3n de media distancia<\/strong>. En segunda posici\u00f3n llegaba a meta Agust\u00edn G\u00f3mez, del Betrainning Foener Triathlon. Finalmente Chemas Sayas, del Tricanet de Berenguer, complet\u00f3 el p\u00f3dium auton\u00f3mico.<\/p>\n<p style=\"text-align: justify;\">En f\u00e9minas, <strong>Teresa Ribes, de Tutriatlon.com, se proclam\u00f3 campeona auton\u00f3mica, tras un gran segmento de ciclismo y carrera a pie.<\/strong> En segunda posici\u00f3n llegaba la triatleta del CEC Antella \u2013 Frutas Tono \u2013 Alejandro Sanz, Alejandra Ruano. Al tercer caj\u00f3n p\u00f3dium sub\u00eda la triatleta de Benicarl\u00f3, Marta Lluch.<\/p>\n<p style=\"text-align: justify;\">Una hora m\u00e1s tarde daba comienzo la competici\u00f3n de la modalidad<strong> Olympic+<\/strong>.\u00a0 Un total de 201 participantes se concentraron en la playa de la Concha, para tomar la salida. Todos ellos tendr\u00edan que recorrer 1.500 metros de nataci\u00f3n, 45 kil\u00f3metros de ciclismo y 10.5 kil\u00f3metros de carrera a pie.<\/p>\n<p style=\"text-align: justify;\">En hombres el ganador fue <strong>Miguel Fuentes<\/strong>, del CT. Hurac\u00e1n The Bike Run. En segunda posici\u00f3n llegaba a meta\u00a0 Pepe Segarra, del club Triatl\u00f3 Sueca. El tercer puesto fue para Francisco Garc\u00ed, del CEC Antella Frutas Tono \u2013 Alejandro Sanz. En f\u00e9minas la vencedora fue <strong>Nieves de Ant\u00f3n<\/strong>, del Triatl\u00f3n Universitario de Madrid. En segunda posici\u00f3n llegaba Laila Lakkis, del CT A Correcuita. Y el tercer puesto fue para Coralie Arc, tambi\u00e9n del club valenciano.<\/p>\n<p style=\"text-align: justify;\">Un a\u00f1o m\u00e1s, la localidad de Oropesa del Mar, pon\u00eda a disposici\u00f3n de nuestro deporte sus increibles parajes, para que todos los participantes pudieran disfrutar del mar, la carretera y el paseo mar\u00edtimo. El tiempo acompa\u00f1\u00f3 de principio a fin, dejando una gran jornada de puro triatl\u00f3n.<\/p>\n","protected":false},"excerpt":{"rendered":"<p>Ambos se llevaron el t\u00edtulo auton\u00f3mico en la prueba disputada el domingo pasado en la localidad de Oropesa.\u00a0<\/p>\n","protected":false},"author":6,"featured_media":62500,"comment_status":"closed","ping_status":"closed","sticky":false,"template":"","format":"standard","meta":{"_acf_changed":false,"rank_math_lock_modified_date":false,"footnotes":""},"categories":[17],"tags":[6964,4413,6963,1077],"class_list":{"0":"post-62499","1":"post","2":"type-post","3":"status-publish","4":"format-standard","5":"has-post-thumbnail","7":"category-actualidad","8":"tag-campeonato-autonomico","9":"tag-media-distancia","10":"tag-oropesa","11":"tag-valencia-triatlon"},"acf":[],"_links":{"self":[{"href":"https:\/\/miurltemporal.com/main/triatletasenred.sport.es\/wp-json\/wp\/v2\/posts\/62499"}],"collection":[{"href":"https:\/\/miurltemporal.com/main/triatletasenred.sport.es\/wp-json\/wp\/v2\/posts"}],"about":[{"href":"https:\/\/miurltemporal.com/main/triatletasenred.sport.es\/wp-json\/wp\/v2\/types\/post"}],"author":[{"embeddable":true,"href":"https:\/\/miurltemporal.com/main/triatletasenred.sport.es\/wp-json\/wp\/v2\/users\/6"}],"replies":[{"embeddable":true,"href":"https:\/\/miurltemporal.com/main/triatletasenred.sport.es\/wp-json\/wp\/v2\/comments?post=62499"}],"version-history":[{"count":0,"href":"https:\/\/miurltemporal.com/main/triatletasenred.sport.es\/wp-json\/wp\/v2\/posts\/62499\/revisions"}],"wp:featuredmedia":[{"embeddable":true,"href":"https:\/\/miurltemporal.com/main/triatletasenred.sport.es\/wp-json\/wp\/v2\/media\/62500"}],"wp:attachment":[{"href":"https:\/\/miurltemporal.com/main/triatletasenred.sport.es\/wp-json\/wp\/v2\/media?parent=62499"}],"wp:term":[{"taxonomy":"category","embeddable":true,"href":"https:\/\/miurltemporal.com/main/triatletasenred.sport.es\/wp-json\/wp\/v2\/categories?post=62499"},{"taxonomy":"post_tag","embeddable":true,"href":"https:\/\/miurltemporal.com/main/triatletasenred.sport.es\/wp-json\/wp\/v2\/tags?post=62499"}],"curies":[{"name":"wp","href":"https:\/\/api.w.org\/{rel}","templated":true}]}}