{"id":62495,"date":"2019-05-21T21:17:00","date_gmt":"2019-05-21T19:17:00","guid":{"rendered":"https:\/\/miurltemporal.com/main/triatletasenred.sport.es\/?p=62495"},"modified":"2019-05-23T22:55:08","modified_gmt":"2019-05-23T20:55:08","slug":"todo-preparado-para-otra-edicion-del-triatlon-aritzaleku","status":"publish","type":"post","link":"https:\/\/miurltemporal.com/main/triatletasenred.sport.es\/actualidad\/todo-preparado-para-otra-edicion-del-triatlon-aritzaleku\/","title":{"rendered":"Todo preparado para otra edici\u00f3n del Triatl\u00f3n Aritzaleku"},"content":{"rendered":"<h3 style=\"text-align: justify;\">La prueba alcanzar\u00e1 el s\u00e1bado 25 de mayo su 17\u00aa edici\u00f3n con un evento en el que participar\u00e1n unos 700 triatletas.<\/h3>\n<p><a href=\"https:\/\/zone3.es\/\" rel=\"nofollow noopener\" target=\"_blank\"><img fetchpriority=\"high\" decoding=\"async\" class=\"aligncenter size-full wp-image-58904\" src=\"https:\/\/miurltemporal.com/main/triatletasenred.sport.es\/wp-content\/uploads\/zone3-nuevo-1.gif\" alt=\"\" width=\"746\" height=\"149\" \/><\/a><\/p>\n<p style=\"text-align: justify;\">El s\u00e1bado 25 de mayo se celebra en el camping Aritzaleku el <strong>17\u00ba <a href=\"http:\/\/triatlonaritzaleku.com\/\" rel=\"nofollow noopener\" target=\"_blank\">Triatl\u00f3n de Aritzaleku<\/a><\/strong>, una prueba que se ha consolidado en Navarra y que este a\u00f1o contar\u00e1 con dos modalidades a elegir: <strong>una carrera en distancia ol\u00edmpica y otra en distancia sprint.\u00a0<\/strong><\/p>\n<p style=\"text-align: justify;\">La primera de estas dos competiciones dar\u00e1 por comenzada la jornada a las 8:30 y contar\u00e1 con la participaci\u00f3n de 225 triatletas. M\u00e1s tarde, a las 13:00, ser\u00e1 el turno para los 270 participantes en la carrera sprint, que ser\u00e1 el Campeonato Navarro de Triatl\u00f3n. Para dar por concluida la cita, el s\u00e1bado por la tarde tendr\u00e1 lugar un triatl\u00f3n de promoci\u00f3n para los m\u00e1s peque\u00f1os que reunir\u00e1 a un total de 180 ni\u00f1os y ni\u00f1as.<\/p>\n","protected":false},"excerpt":{"rendered":"<p>La prueba alcanzar\u00e1 el s\u00e1bado 25 de mayo su 17\u00aa edici\u00f3n con un evento en el que participar\u00e1n unos 700 triatletas.\u00a0<\/p>\n","protected":false},"author":6,"featured_media":57508,"comment_status":"closed","ping_status":"closed","sticky":false,"template":"","format":"standard","meta":{"_acf_changed":false,"rank_math_lock_modified_date":false,"footnotes":""},"categories":[17,19,1191],"tags":[4309],"class_list":{"0":"post-62495","1":"post","2":"type-post","3":"status-publish","4":"format-standard","5":"has-post-thumbnail","7":"category-actualidad","8":"category-competiciones","9":"category-triatlon","10":"tag-triatlon-aritzaleku"},"acf":[],"_links":{"self":[{"href":"https:\/\/miurltemporal.com/main/triatletasenred.sport.es\/wp-json\/wp\/v2\/posts\/62495"}],"collection":[{"href":"https:\/\/miurltemporal.com/main/triatletasenred.sport.es\/wp-json\/wp\/v2\/posts"}],"about":[{"href":"https:\/\/miurltemporal.com/main/triatletasenred.sport.es\/wp-json\/wp\/v2\/types\/post"}],"author":[{"embeddable":true,"href":"https:\/\/miurltemporal.com/main/triatletasenred.sport.es\/wp-json\/wp\/v2\/users\/6"}],"replies":[{"embeddable":true,"href":"https:\/\/miurltemporal.com/main/triatletasenred.sport.es\/wp-json\/wp\/v2\/comments?post=62495"}],"version-history":[{"count":0,"href":"https:\/\/miurltemporal.com/main/triatletasenred.sport.es\/wp-json\/wp\/v2\/posts\/62495\/revisions"}],"wp:featuredmedia":[{"embeddable":true,"href":"https:\/\/miurltemporal.com/main/triatletasenred.sport.es\/wp-json\/wp\/v2\/media\/57508"}],"wp:attachment":[{"href":"https:\/\/miurltemporal.com/main/triatletasenred.sport.es\/wp-json\/wp\/v2\/media?parent=62495"}],"wp:term":[{"taxonomy":"category","embeddable":true,"href":"https:\/\/miurltemporal.com/main/triatletasenred.sport.es\/wp-json\/wp\/v2\/categories?post=62495"},{"taxonomy":"post_tag","embeddable":true,"href":"https:\/\/miurltemporal.com/main/triatletasenred.sport.es\/wp-json\/wp\/v2\/tags?post=62495"}],"curies":[{"name":"wp","href":"https:\/\/api.w.org\/{rel}","templated":true}]}}