{"id":62220,"date":"2019-05-09T06:58:46","date_gmt":"2019-05-09T04:58:46","guid":{"rendered":"https:\/\/miurltemporal.com/main/triatletasenred.sport.es\/?p=62220"},"modified":"2019-05-09T13:39:55","modified_gmt":"2019-05-09T11:39:55","slug":"empiezan-las-copas-catalanas-olympic-y-md","status":"publish","type":"post","link":"https:\/\/miurltemporal.com/main/triatletasenred.sport.es\/actualidad\/empiezan-las-copas-catalanas-olympic-y-md\/","title":{"rendered":"Empiezan las Copas Catalanas Olympic y MD"},"content":{"rendered":"<h3 style=\"text-align: justify;\"><strong>Con el inicio del mes de Mayo, llegan los comienzos de dos citas ineludibles del triatl\u00f3n nacional, las Copas Catalanas Olympic y MD.<\/strong><\/h3>\n<p><a href=\"https:\/\/zone3.es\/\" rel=\"nofollow noopener\" target=\"_blank\"><img fetchpriority=\"high\" decoding=\"async\" class=\"aligncenter size-full wp-image-58904\" src=\"https:\/\/miurltemporal.com/main/triatletasenred.sport.es\/wp-content\/uploads\/zone3-nuevo-1.gif\" alt=\"\" width=\"746\" height=\"149\" \/><\/a><\/p>\n<p style=\"text-align: justify;\">Como cada a\u00f1o, la llegada de los meses de Mayo y Junio significa que comienzan algunos de los triatlones m\u00e1s importantes a nivel nacional. Dos de esas citas imperdibles para los triatletas, son el <strong><a href=\"https:\/\/100x100tri.com\/tri\/\" rel=\"nofollow noopener\" target=\"_blank\">100% Tri L&#8217;Ametlla de Mar<\/a><\/strong>\u00a0que se disputa el domingo d\u00eda 16 de Junio; y el <a href=\"https:\/\/100x100half.com\/\" rel=\"nofollow noopener\" target=\"_blank\"><strong>100% Half de Empuriabrava<\/strong><\/a>, cuya fecha corresponde al d\u00eda 19 de este mes.<\/p>\n<p style=\"text-align: justify;\">El primero que se menciona en el p\u00e1rrafo anterior, da el pistoletazo de salida a la <strong>Copa Catalana Olympic<\/strong>. Dicha competici\u00f3n est\u00e1 compuesta por otros tres triatlones que se disputan en <strong>Platja D&#8217;Aro, Empuriabrava y L\u2019Estartit<\/strong>; disput\u00e1ndose el \u00faltimo el d\u00eda 13 de Octubre de este a\u00f1o.<\/p>\n<p style=\"text-align: justify;\">Por la parte correspondiente a la <strong>Copa Catalana MD<\/strong>, el 100% Half de Empuriabrava marca el inicio de una competici\u00f3n que se compone de otras dos pruebas m\u00e1s, en la L\u2019Ametlla de Mar y Platja d\u2019Aro.<\/p>\n<p style=\"text-align: justify;\">El pasado a\u00f1o coron\u00f3 como vencedores de la competici\u00f3n correspondiente a la Media Distancia a <a href=\"https:\/\/miurltemporal.com/main/triatletasenred.sport.es\/actualidad\/las-claves-para-afrontar-con-exito-el-circuito-100-half\/\">Guillem Rojas<\/a>\u00a0 y Ana Mar\u00eda Otero.<\/p>\n<p style=\"text-align: justify;\">Es importante destacar que estas competiciones se rigen bajo tres mandamientos que tienes los organizadores (la empresa de eventos <strong><a href=\"https:\/\/www.diversport.es\/\" rel=\"nofollow noopener\" target=\"_blank\">DiverSport<\/a>\u00a0<\/strong>y Stat Sport Club):<\/p>\n<ul style=\"text-align: justify;\">\n<li>Entornos incomparables para disfrutar del triatl\u00f3n.<\/li>\n<li>No a la masificaci\u00f3n de las competiciones.<\/li>\n<li>Escuchar al triatleta, que es el protagonista de la competici\u00f3n.<\/li>\n<\/ul>\n<p style=\"text-align: justify;\">Estamos deseando que llegue el domingo para poder comenzar a disfrutar de estos triatlones.<\/p>\n","protected":false},"excerpt":{"rendered":"<p>Con el inicio del mes de Mayo, llegan los comienzos de dos citas ineludibles del triatl\u00f3n nacional, las Copas Catalanas Olympic y MD.<\/p>\n","protected":false},"author":288,"featured_media":62259,"comment_status":"closed","ping_status":"closed","sticky":false,"template":"","format":"standard","meta":{"_acf_changed":false,"rank_math_lock_modified_date":false,"footnotes":""},"categories":[17,19,2033,1191],"tags":[6914,6915,3283,3114],"class_list":{"0":"post-62220","1":"post","2":"type-post","3":"status-publish","4":"format-standard","5":"has-post-thumbnail","7":"category-actualidad","8":"category-competiciones","9":"category-sport","10":"category-triatlon","11":"tag-1000-half","12":"tag-1000-tri","13":"tag-diversport","14":"tag-guillem-rojas"},"acf":[],"_links":{"self":[{"href":"https:\/\/miurltemporal.com/main/triatletasenred.sport.es\/wp-json\/wp\/v2\/posts\/62220"}],"collection":[{"href":"https:\/\/miurltemporal.com/main/triatletasenred.sport.es\/wp-json\/wp\/v2\/posts"}],"about":[{"href":"https:\/\/miurltemporal.com/main/triatletasenred.sport.es\/wp-json\/wp\/v2\/types\/post"}],"author":[{"embeddable":true,"href":"https:\/\/miurltemporal.com/main/triatletasenred.sport.es\/wp-json\/wp\/v2\/users\/288"}],"replies":[{"embeddable":true,"href":"https:\/\/miurltemporal.com/main/triatletasenred.sport.es\/wp-json\/wp\/v2\/comments?post=62220"}],"version-history":[{"count":0,"href":"https:\/\/miurltemporal.com/main/triatletasenred.sport.es\/wp-json\/wp\/v2\/posts\/62220\/revisions"}],"wp:featuredmedia":[{"embeddable":true,"href":"https:\/\/miurltemporal.com/main/triatletasenred.sport.es\/wp-json\/wp\/v2\/media\/62259"}],"wp:attachment":[{"href":"https:\/\/miurltemporal.com/main/triatletasenred.sport.es\/wp-json\/wp\/v2\/media?parent=62220"}],"wp:term":[{"taxonomy":"category","embeddable":true,"href":"https:\/\/miurltemporal.com/main/triatletasenred.sport.es\/wp-json\/wp\/v2\/categories?post=62220"},{"taxonomy":"post_tag","embeddable":true,"href":"https:\/\/miurltemporal.com/main/triatletasenred.sport.es\/wp-json\/wp\/v2\/tags?post=62220"}],"curies":[{"name":"wp","href":"https:\/\/api.w.org\/{rel}","templated":true}]}}