{"id":62216,"date":"2019-05-07T07:00:53","date_gmt":"2019-05-07T05:00:53","guid":{"rendered":"https:\/\/miurltemporal.com/main/triatletasenred.sport.es\/?p=62216"},"modified":"2019-05-06T17:23:41","modified_gmt":"2019-05-06T15:23:41","slug":"kipchoge-volvera-a-intentar-bajar-de-las-2-horas-en-maraton-en-2019","status":"publish","type":"post","link":"https:\/\/miurltemporal.com/main/triatletasenred.sport.es\/actualidad\/kipchoge-volvera-a-intentar-bajar-de-las-2-horas-en-maraton-en-2019\/","title":{"rendered":"Kipchoge volver\u00e1 a intentar bajar de las 2 horas en marat\u00f3n en 2019"},"content":{"rendered":"<h3 style=\"text-align: justify;\">Todo apunta a que ser\u00e1 en octubre, en un reto patrocinado por INEOS, la empresa que ha comprado el equipo ciclista Sky.<\/h3>\n<p><a href=\"https:\/\/www.skechers.com\/es-es\/search?t=GOrun+ride+7\" rel=\"nofollow noopener\" target=\"_blank\"><img fetchpriority=\"high\" decoding=\"async\" class=\"aligncenter size-full wp-image-58098\" src=\"https:\/\/miurltemporal.com/main/triatletasenred.sport.es\/wp-content\/uploads\/RIDE-7.jpg\" alt=\"\" width=\"750\" height=\"100\" srcset=\"https:\/\/miurltemporal.com/main/triatletasenred.sport.es\/wp-content\/uploads\/RIDE-7.jpg 750w, https:\/\/miurltemporal.com/main/triatletasenred.sport.es\/wp-content\/uploads\/RIDE-7-700x93.jpg 700w, https:\/\/miurltemporal.com/main/triatletasenred.sport.es\/wp-content\/uploads\/RIDE-7-300x40.jpg 300w, https:\/\/miurltemporal.com/main/triatletasenred.sport.es\/wp-content\/uploads\/RIDE-7-640x85.jpg 640w\" sizes=\"(max-width: 750px) 100vw, 750px\" \/><\/a><\/p>\n<p style=\"text-align: justify;\">Ya ha demostrado que est\u00e1 uno o dos escalones por encima del resto de corredores y que su \u00fanico gran rival es \u00e9l. Tras ganar hace dos semanas a los mejores fondistas africanos en el Marat\u00f3n de Londres, <strong>Eliud Kipchoge<\/strong> se ha propuesto hacer a\u00fan m\u00e1s grande su leyenda. Y es que, tal y como confirm\u00f3 el propio keniano ayer en sus redes sociales, <strong>volver\u00e1 a intentar rebajar las 2 horas en la m\u00edtica distancia de 42 kms.\u00a0<\/strong><\/p>\n<p style=\"text-align: justify;\">&#8220;Ning\u00fan ser humano tiene l\u00edmites&#8221;. Con esa frase ha anunciado el reto, que estar\u00e1 patrocinado por la millonaria empresa del sector qu\u00edmico <strong>INEOS<\/strong>. Tras comprar esta temporada el <strong>Team Sky de Chris Froome y Geraint Thomas<\/strong>, la multinacional brit\u00e1nica ha vuelto a apostar por el deporte patrocinando este desaf\u00edo para Kipchoge sobre el que recaer\u00e1n los focos de todo el planeta.<\/p>\n<p style=\"text-align: justify;\">Aunque no se han confirmado de forma oficial ni la fecha ni el lugar, el mejor fondista de todos los tiempos anunci\u00f3 ayer que<strong> el 1:59 Challenge ser\u00e1 el pr\u00f3ximo oto\u00f1o.<\/strong> Seg\u00fan estima el diario The Guardian, el evento <strong>ser\u00e1 el 13 de octubre en la ciudad de Londres.\u00a0<\/strong><\/p>\n<p style=\"text-align: justify;\">\u00bfLo lograr\u00e1? Correr a un<strong> ritmo de 2&#8217;51&#8243;\/km durante 42.195 metros<\/strong> es una aut\u00e9ntica barbaridad, pero Kipchoge ya lo tuvo cerca en el reto Breaking2 de Nike, en 2017. En aquella ocasi\u00f3n <strong>se qued\u00f3 a 26&#8243; de conseguirlo.\u00a0<\/strong><\/p>\n<p>https:\/\/twitter.com\/EliudKipchoge\/status\/1125174415753457664<\/p>\n","protected":false},"excerpt":{"rendered":"<p>Todo apunta a que ser\u00e1 en octubre, en un reto patrocinado por INEOS, la empresa que ha comprado el equipo ciclista Sky.\u00a0\u00bfLo lograr\u00e1?<\/p>\n","protected":false},"author":302,"featured_media":62218,"comment_status":"closed","ping_status":"closed","sticky":false,"template":"","format":"standard","meta":{"_acf_changed":false,"rank_math_lock_modified_date":false,"footnotes":""},"categories":[17,2033],"tags":[6897,5549,6710,284,6898],"class_list":{"0":"post-62216","1":"post","2":"type-post","3":"status-publish","4":"format-standard","5":"has-post-thumbnail","7":"category-actualidad","8":"category-sport","9":"tag-159-challenge","10":"tag-eliud-kipchoge","11":"tag-ineos","12":"tag-maraton","13":"tag-sub2"},"acf":[],"_links":{"self":[{"href":"https:\/\/miurltemporal.com/main/triatletasenred.sport.es\/wp-json\/wp\/v2\/posts\/62216"}],"collection":[{"href":"https:\/\/miurltemporal.com/main/triatletasenred.sport.es\/wp-json\/wp\/v2\/posts"}],"about":[{"href":"https:\/\/miurltemporal.com/main/triatletasenred.sport.es\/wp-json\/wp\/v2\/types\/post"}],"author":[{"embeddable":true,"href":"https:\/\/miurltemporal.com/main/triatletasenred.sport.es\/wp-json\/wp\/v2\/users\/302"}],"replies":[{"embeddable":true,"href":"https:\/\/miurltemporal.com/main/triatletasenred.sport.es\/wp-json\/wp\/v2\/comments?post=62216"}],"version-history":[{"count":0,"href":"https:\/\/miurltemporal.com/main/triatletasenred.sport.es\/wp-json\/wp\/v2\/posts\/62216\/revisions"}],"wp:featuredmedia":[{"embeddable":true,"href":"https:\/\/miurltemporal.com/main/triatletasenred.sport.es\/wp-json\/wp\/v2\/media\/62218"}],"wp:attachment":[{"href":"https:\/\/miurltemporal.com/main/triatletasenred.sport.es\/wp-json\/wp\/v2\/media?parent=62216"}],"wp:term":[{"taxonomy":"category","embeddable":true,"href":"https:\/\/miurltemporal.com/main/triatletasenred.sport.es\/wp-json\/wp\/v2\/categories?post=62216"},{"taxonomy":"post_tag","embeddable":true,"href":"https:\/\/miurltemporal.com/main/triatletasenred.sport.es\/wp-json\/wp\/v2\/tags?post=62216"}],"curies":[{"name":"wp","href":"https:\/\/api.w.org\/{rel}","templated":true}]}}