{"id":62211,"date":"2019-05-07T06:58:04","date_gmt":"2019-05-07T04:58:04","guid":{"rendered":"https:\/\/miurltemporal.com/main/triatletasenred.sport.es\/?p=62211"},"modified":"2019-05-06T21:00:07","modified_gmt":"2019-05-06T19:00:07","slug":"el-video-resumen-del-mundial-de-ld-de-pontevedra","status":"publish","type":"post","link":"https:\/\/miurltemporal.com/main/triatletasenred.sport.es\/actualidad\/el-video-resumen-del-mundial-de-ld-de-pontevedra\/","title":{"rendered":"El v\u00eddeo-resumen del Mundial de Larga Distancia"},"content":{"rendered":"<h3 style=\"text-align: justify;\">\u00bfTe perdiste la gesta de G\u00f3mez Noya, Dapena, Corach\u00e1n y Noguera en tierras gallegas? Revive con nosotros esta competici\u00f3n hist\u00f3rica de la #TriArmada.<\/h3>\n<p><a href=\"https:\/\/es.inverseshop.com\/\" rel=\"nofollow noopener\" target=\"_blank\"><img fetchpriority=\"high\" decoding=\"async\" class=\"aligncenter size-full wp-image-54866\" src=\"https:\/\/miurltemporal.com/main/triatletasenred.sport.es\/wp-content\/uploads\/BANNER-TRIATLETAS-EN-RED-700X150-1.gif\" alt=\"\" width=\"700\" height=\"150\" \/><\/a><\/p>\n<p style=\"text-align: justify;\">No sabemos c\u00f3mo describir lo que se vivi\u00f3 el pasado s\u00e1bado en<strong> Pontevedra. Javier G\u00f3mez Noya, Pablo Dapena, Judith Corach\u00e1n y Anna Noguera<\/strong> hicieron historia para el triatl\u00f3n espa\u00f1ol sumando <strong>4 medallas en un Mundial de Larga Distancia<\/strong> que reuni\u00f3 a centenares de aficionados en las calles de la ciudad gallega, donde se vivi\u00f3 un ambientazo espectacular. Llevados en volandas por todo ese p\u00fablico, los dos gallegos y las dos catalanas firmaron cuatro actuaciones que nos pusieron la piel de gallina a quienes seguimos el evento en directo.<\/p>\n<p style=\"text-align: justify;\">Si no tuviste la suerte de ver la prueba o te apetece rememorar la competici\u00f3n, est\u00e1s de suerte. En nuestro canal de Youtube ya est\u00e1n disponibles <strong>los v\u00eddeo-res\u00famenes de ambas carreras.<\/strong> Disfruta, acompa\u00f1ado de <strong>la narraci\u00f3n de Gonzalo Marchena<\/strong>, director de\u00a0<em>Triatletas en Red<\/em>, de lo mejor de esa jornada que no olvidaremos jam\u00e1s:<\/p>\n<div class=\"youtube-embed\" data-video_id=\"bwjQx0kRPVY\"><iframe title=\"\ud83c\udfa5 VIDEO RESUMEN - Campeonato del mundo triatl\u00f3n LD Masculino Pontevedra 2019\" width=\"696\" height=\"392\" src=\"https:\/\/www.youtube.com\/embed\/bwjQx0kRPVY?feature=oembed&#038;enablejsapi=1\" frameborder=\"0\" allow=\"accelerometer; autoplay; clipboard-write; encrypted-media; gyroscope; picture-in-picture; web-share\" referrerpolicy=\"strict-origin-when-cross-origin\" allowfullscreen><\/iframe><\/div>\n<hr \/>\n<div class=\"youtube-embed\" data-video_id=\"BzbfzelSKgQ\"><iframe title=\"\ud83c\udfa5 VIDEO RESUMEN - Campeonato del mundo triatl\u00f3n LD Femenino Pontevedra 2019\" width=\"696\" height=\"392\" src=\"https:\/\/www.youtube.com\/embed\/BzbfzelSKgQ?feature=oembed&#038;enablejsapi=1\" frameborder=\"0\" allow=\"accelerometer; autoplay; clipboard-write; encrypted-media; gyroscope; picture-in-picture; web-share\" referrerpolicy=\"strict-origin-when-cross-origin\" allowfullscreen><\/iframe><\/div>\n","protected":false},"excerpt":{"rendered":"<p>\u00bfTe perdiste la gesta de G\u00f3mez Noya, Dapena, Corach\u00e1n y Noguera en tierras gallegas? Revive con nosotros esta competici\u00f3n hist\u00f3rica de la #TriArmada.\u00a0<\/p>\n","protected":false},"author":302,"featured_media":62214,"comment_status":"closed","ping_status":"closed","sticky":false,"template":"","format":"standard","meta":{"_acf_changed":false,"rank_math_lock_modified_date":false,"footnotes":""},"categories":[17,2033],"tags":[4399,6896,2483,2152,4041,24,1782],"class_list":{"0":"post-62211","1":"post","2":"type-post","3":"status-publish","4":"format-standard","5":"has-post-thumbnail","7":"category-actualidad","8":"category-sport","9":"tag-gomez-noya","10":"tag-mundial-larga-distancia","11":"tag-pablo-dapena","12":"tag-pontevedra","13":"tag-resumen","14":"tag-triatlon","15":"tag-video"},"acf":[],"_links":{"self":[{"href":"https:\/\/miurltemporal.com/main/triatletasenred.sport.es\/wp-json\/wp\/v2\/posts\/62211"}],"collection":[{"href":"https:\/\/miurltemporal.com/main/triatletasenred.sport.es\/wp-json\/wp\/v2\/posts"}],"about":[{"href":"https:\/\/miurltemporal.com/main/triatletasenred.sport.es\/wp-json\/wp\/v2\/types\/post"}],"author":[{"embeddable":true,"href":"https:\/\/miurltemporal.com/main/triatletasenred.sport.es\/wp-json\/wp\/v2\/users\/302"}],"replies":[{"embeddable":true,"href":"https:\/\/miurltemporal.com/main/triatletasenred.sport.es\/wp-json\/wp\/v2\/comments?post=62211"}],"version-history":[{"count":0,"href":"https:\/\/miurltemporal.com/main/triatletasenred.sport.es\/wp-json\/wp\/v2\/posts\/62211\/revisions"}],"wp:featuredmedia":[{"embeddable":true,"href":"https:\/\/miurltemporal.com/main/triatletasenred.sport.es\/wp-json\/wp\/v2\/media\/62214"}],"wp:attachment":[{"href":"https:\/\/miurltemporal.com/main/triatletasenred.sport.es\/wp-json\/wp\/v2\/media?parent=62211"}],"wp:term":[{"taxonomy":"category","embeddable":true,"href":"https:\/\/miurltemporal.com/main/triatletasenred.sport.es\/wp-json\/wp\/v2\/categories?post=62211"},{"taxonomy":"post_tag","embeddable":true,"href":"https:\/\/miurltemporal.com/main/triatletasenred.sport.es\/wp-json\/wp\/v2\/tags?post=62211"}],"curies":[{"name":"wp","href":"https:\/\/api.w.org\/{rel}","templated":true}]}}