{"id":62197,"date":"2019-05-05T14:49:24","date_gmt":"2019-05-05T12:49:24","guid":{"rendered":"https:\/\/miurltemporal.com/main/triatletasenred.sport.es\/?p=62197"},"modified":"2019-05-05T14:49:24","modified_gmt":"2019-05-05T12:49:24","slug":"sanchez-mantecon-se-lleva-el-bronce-en-la-copa-del-mundo-de-madrid","status":"publish","type":"post","link":"https:\/\/miurltemporal.com/main/triatletasenred.sport.es\/actualidad\/sanchez-mantecon-se-lleva-el-bronce-en-la-copa-del-mundo-de-madrid\/","title":{"rendered":"S\u00e1nchez Mantec\u00f3n se lleva el bronce en la Copa del Mundo de Madrid"},"content":{"rendered":"<h3 style=\"text-align: justify;\">El vigente campe\u00f3n nacional fue el mejor espa\u00f1ol en la prueba masculina. Anna Godoy fue 5\u00aa en f\u00e9minas.<\/h3>\n<p><a href=\"https:\/\/es.inverseshop.com\/\" rel=\"nofollow noopener\" target=\"_blank\"><img fetchpriority=\"high\" decoding=\"async\" class=\"aligncenter size-full wp-image-54866\" src=\"https:\/\/miurltemporal.com/main/triatletasenred.sport.es\/wp-content\/uploads\/BANNER-TRIATLETAS-EN-RED-700X150-1.gif\" alt=\"\" width=\"700\" height=\"150\" \/><\/a><\/p>\n<p style=\"text-align: justify;\">La ciudad de <strong>Madrid<\/strong> se convirti\u00f3, durante la ma\u00f1ana de hoy, en la capital mundial del triatl\u00f3n de corta distancia. La capital espa\u00f1ola acogi\u00f3 hoy una <strong>Copa del Mundo<\/strong> en la que participaron algunos de los mejores triatletas del panorama internacional y en la que <strong>Roberto S\u00e1nchez Mantec\u00f3n y Anna Godoy<\/strong> lograron grandes resultados para la #TriArmada, adem\u00e1s de valiosos puntos en el ranking ITU.<\/p>\n<p style=\"text-align: justify;\">La prueba masculina se decidi\u00f3 a pie. En el segmento de 20 kms de bicicleta se form\u00f3 un gran grupo de unos 23 corredores despu\u00e9s de que <strong>Mark Devay, Schomburg y Seth Reider<\/strong> dominaran el tramo a nado. Gracias a una s\u00f3lida nataci\u00f3n de hombres como<strong> Serrat, Grau, Alarza, el propio S\u00e1nchez Mantec\u00f3n y Antonio Benito<\/strong>, que salieron a llegaron a la T1 a 15&#8243; de la cabeza, la #TriArmada cont\u00f3 con varios de sus representantes en puestos destacados cuando el pelot\u00f3n se aproximaba a la T2.<\/p>\n<p style=\"text-align: justify;\">Lamentablemente, <strong>Alarza se qued\u00f3 descolgado en los \u00faltimos kms de la bici<\/strong> y lleg\u00f3 a m\u00e1s de 2&#8242; al inicio del tramo a pie. Tras un apretad\u00edsimo \u00faltimo kil\u00f3metro entre S\u00e1nchez Mantec\u00f3n y los alemanes <strong>Nieschlag y Lhurs<\/strong>, <strong>el campe\u00f3n de Espa\u00f1a (55&#8217;57&#8221;) se colg\u00f3 el bronce.<\/strong> Nieschlag (55&#8217;51&#8221;) se llev\u00f3 el triunfo por d\u00e9cimas de segundo y<strong> Serrat (5\u00ba) y Grau (8\u00ba)<\/strong> consiguieron puestos de Top10.<\/p>\n<p style=\"text-align: justify;\">En la prueba femenina, <strong>Godoy fue la mejor representante de la #TriArmada<\/strong> y la vimos en cabeza desde el segmento de 750 metros de nataci\u00f3n. La catalana sali\u00f3 del agua l\u00edder en un grupo de 4 triatletas en el que tambi\u00e9n estaba <strong>Sara P\u00e9rez.<\/strong> Godoy pudo meterse, junto a<strong> Miriam Casillas<\/strong>, en un grupo escapado que aprovech\u00f3 la dureza del circuito de bici para llegar a la T2 con m\u00e1s de medio minuto respecto a las perseguidoras.<\/p>\n<p style=\"text-align: justify;\">Tras los 5kms a pie finales, la franecesa <strong>Emilie Morier<\/strong> (1h02&#8217;18&#8221;) se llev\u00f3 la victoria por delante de su compatriota <strong>Sandra Dodet y de Angelica Olmo.<\/strong> <strong>Anna Godoy acab\u00f3 5\u00aa<\/strong>, mientras que la mejor espa\u00f1ola tras ella fue <strong>Miriam Casillas (11\u00aa).\u00a0<\/strong><\/p>\n","protected":false},"excerpt":{"rendered":"<p>El vigente campe\u00f3n nacional fue el mejor espa\u00f1ol en una disputada prueba masculina. Anna Godoy fue 5\u00aa en la carrera femenina.<\/p>\n","protected":false},"author":302,"featured_media":62198,"comment_status":"closed","ping_status":"closed","sticky":false,"template":"","format":"standard","meta":{"_acf_changed":false,"rank_math_lock_modified_date":false,"footnotes":""},"categories":[17,2033],"tags":[299,6888,6268],"class_list":{"0":"post-62197","1":"post","2":"type-post","3":"status-publish","4":"format-standard","5":"has-post-thumbnail","7":"category-actualidad","8":"category-sport","9":"tag-anna-godoy","10":"tag-copa-del-mundo-de-madrid","11":"tag-sanchez-mantecon"},"acf":[],"_links":{"self":[{"href":"https:\/\/miurltemporal.com/main/triatletasenred.sport.es\/wp-json\/wp\/v2\/posts\/62197"}],"collection":[{"href":"https:\/\/miurltemporal.com/main/triatletasenred.sport.es\/wp-json\/wp\/v2\/posts"}],"about":[{"href":"https:\/\/miurltemporal.com/main/triatletasenred.sport.es\/wp-json\/wp\/v2\/types\/post"}],"author":[{"embeddable":true,"href":"https:\/\/miurltemporal.com/main/triatletasenred.sport.es\/wp-json\/wp\/v2\/users\/302"}],"replies":[{"embeddable":true,"href":"https:\/\/miurltemporal.com/main/triatletasenred.sport.es\/wp-json\/wp\/v2\/comments?post=62197"}],"version-history":[{"count":0,"href":"https:\/\/miurltemporal.com/main/triatletasenred.sport.es\/wp-json\/wp\/v2\/posts\/62197\/revisions"}],"wp:featuredmedia":[{"embeddable":true,"href":"https:\/\/miurltemporal.com/main/triatletasenred.sport.es\/wp-json\/wp\/v2\/media\/62198"}],"wp:attachment":[{"href":"https:\/\/miurltemporal.com/main/triatletasenred.sport.es\/wp-json\/wp\/v2\/media?parent=62197"}],"wp:term":[{"taxonomy":"category","embeddable":true,"href":"https:\/\/miurltemporal.com/main/triatletasenred.sport.es\/wp-json\/wp\/v2\/categories?post=62197"},{"taxonomy":"post_tag","embeddable":true,"href":"https:\/\/miurltemporal.com/main/triatletasenred.sport.es\/wp-json\/wp\/v2\/tags?post=62197"}],"curies":[{"name":"wp","href":"https:\/\/api.w.org\/{rel}","templated":true}]}}