{"id":62171,"date":"2019-05-03T15:23:43","date_gmt":"2019-05-03T13:23:43","guid":{"rendered":"https:\/\/miurltemporal.com/main/triatletasenred.sport.es\/?p=62171"},"modified":"2019-05-03T15:23:43","modified_gmt":"2019-05-03T13:23:43","slug":"ultima-hora-la-natacion-del-mundial-ld-en-peligro","status":"publish","type":"post","link":"https:\/\/miurltemporal.com/main/triatletasenred.sport.es\/actualidad\/ultima-hora-la-natacion-del-mundial-ld-en-peligro\/","title":{"rendered":"(\u00daLTIMA HORA) La nataci\u00f3n del Mundial LD, en peligro"},"content":{"rendered":"<h3 style=\"text-align: justify;\">El primer sector de la carrera de ma\u00f1ana podr\u00eda reducirse a la mitad debido a la temperatura. Pablo Dapena y G\u00f3mez Noya han mostrado su desacuerdo.<\/h3>\n<p><a href=\"https:\/\/es.inverseshop.com\/\" rel=\"nofollow noopener\" target=\"_blank\"><img fetchpriority=\"high\" decoding=\"async\" class=\"aligncenter size-full wp-image-54866\" src=\"https:\/\/miurltemporal.com/main/triatletasenred.sport.es\/wp-content\/uploads\/BANNER-TRIATLETAS-EN-RED-700X150-1.gif\" alt=\"\" width=\"700\" height=\"150\" \/><\/a><\/p>\n<p style=\"text-align: justify;\">Todav\u00eda no es oficial, pero todo apunta a que la nataci\u00f3n del <strong>Campeonato del Mundo de Larga Distancia<\/strong> que se disputa ma\u00f1ana en<strong> Pontevedra<\/strong> podr\u00eda reducirse a la mitad. Y es que durante las \u00faltimas horas, la posibilidad de que la temperatura del agua impida que los participantes naden<strong> 3.000 metros,<\/strong> tal y como estaba inicialmente establecido, es cada vez menor. De confirmarse, este esperado Mundial en el que participar\u00e1n <strong><a href=\"https:\/\/miurltemporal.com/main/triatletasenred.sport.es\/actualidad\/noya-dapena-gurutze-mundial-ld\/\">10 espa\u00f1oles \u00e9lite<\/a><\/strong>, entre ellos Pablo Dapena, defensor del t\u00edtulo, y <strong>Javier G\u00f3mez Noya<\/strong>, comenzar\u00e1 con un segmento en el agua de tan solo<strong> 1.500 metros.\u00a0<\/strong><\/p>\n<p style=\"text-align: justify;\">Los dos triatletas gallegos, que parten entre los m\u00e1s firmes candidatos a la victoria, han dado a conocer su opini\u00f3n si finalmente se modifica la distancia: <strong>&#8220;No le veo sentido a reducir el segmento de nataci\u00f3n. O se nada o no se nada&#8221;<\/strong>, ha declarado Javier G\u00f3mez Noya durante las \u00faltimas horas. <em>El Capit\u00e1n<\/em> ha explicado que entender\u00eda que se hiciera para los Grupos de Edad y que, en el caso de que tambi\u00e9n se modifique la prueba \u00e9lite, <strong>tambi\u00e9n deber\u00edan reducirse propocionalmente los segmentos de bici y carrera a pie.\u00a0<\/strong><\/p>\n<p style=\"text-align: justify;\">Pablo Dapena, por su parte, ha lamentado que esta medida vaya a favorecer a los triatletas menos fuertes en el sector de nataci\u00f3n: <strong>&#8220;Si finalmente se aprueba el cambio, estaremos regalando casi tres minutos a gente que no es muy buena en el agua&#8221;.\u00a0<\/strong><\/p>\n<p>Habr\u00e1 que ver finalmente que se decide ma\u00f1ana a las 7:00 AM, una hora antes del disparo de salida.<\/p>\n","protected":false},"excerpt":{"rendered":"<p>El primer sector de la carrera de ma\u00f1ana podr\u00eda reducirse a la mitad debido a la temperatura. Pablo Dapena y G\u00f3mez Noya han mostrado su desacuerdo.\u00a0<\/p>\n","protected":false},"author":302,"featured_media":39973,"comment_status":"closed","ping_status":"closed","sticky":false,"template":"","format":"standard","meta":{"_acf_changed":false,"rank_math_lock_modified_date":false,"footnotes":""},"categories":[17,2033],"tags":[819,1044,6883,87,2483],"class_list":{"0":"post-62171","1":"post","2":"type-post","3":"status-publish","4":"format-standard","5":"has-post-thumbnail","7":"category-actualidad","8":"category-sport","9":"tag-javier-gomez-noya","10":"tag-larga-distancia","11":"tag-mundial-pontevedra","12":"tag-natacion","13":"tag-pablo-dapena"},"acf":[],"_links":{"self":[{"href":"https:\/\/miurltemporal.com/main/triatletasenred.sport.es\/wp-json\/wp\/v2\/posts\/62171"}],"collection":[{"href":"https:\/\/miurltemporal.com/main/triatletasenred.sport.es\/wp-json\/wp\/v2\/posts"}],"about":[{"href":"https:\/\/miurltemporal.com/main/triatletasenred.sport.es\/wp-json\/wp\/v2\/types\/post"}],"author":[{"embeddable":true,"href":"https:\/\/miurltemporal.com/main/triatletasenred.sport.es\/wp-json\/wp\/v2\/users\/302"}],"replies":[{"embeddable":true,"href":"https:\/\/miurltemporal.com/main/triatletasenred.sport.es\/wp-json\/wp\/v2\/comments?post=62171"}],"version-history":[{"count":0,"href":"https:\/\/miurltemporal.com/main/triatletasenred.sport.es\/wp-json\/wp\/v2\/posts\/62171\/revisions"}],"wp:featuredmedia":[{"embeddable":true,"href":"https:\/\/miurltemporal.com/main/triatletasenred.sport.es\/wp-json\/wp\/v2\/media\/39973"}],"wp:attachment":[{"href":"https:\/\/miurltemporal.com/main/triatletasenred.sport.es\/wp-json\/wp\/v2\/media?parent=62171"}],"wp:term":[{"taxonomy":"category","embeddable":true,"href":"https:\/\/miurltemporal.com/main/triatletasenred.sport.es\/wp-json\/wp\/v2\/categories?post=62171"},{"taxonomy":"post_tag","embeddable":true,"href":"https:\/\/miurltemporal.com/main/triatletasenred.sport.es\/wp-json\/wp\/v2\/tags?post=62171"}],"curies":[{"name":"wp","href":"https:\/\/api.w.org\/{rel}","templated":true}]}}