{"id":62157,"date":"2019-05-01T17:56:14","date_gmt":"2019-05-01T15:56:14","guid":{"rendered":"https:\/\/miurltemporal.com/main/triatletasenred.sport.es\/?p=62157"},"modified":"2019-05-02T18:05:06","modified_gmt":"2019-05-02T16:05:06","slug":"gandia-primera-parada-de-la-lliga-de-clubs-caixa-popular","status":"publish","type":"post","link":"https:\/\/miurltemporal.com/main/triatletasenred.sport.es\/actualidad\/gandia-primera-parada-de-la-lliga-de-clubs-caixa-popular\/","title":{"rendered":"Gandia, primera parada de la Lliga de Clubs Caixa Popular"},"content":{"rendered":"<h3 style=\"text-align: justify;\">La prueba, que se disputar\u00e1 este domingo, tambi\u00e9n acoger\u00e1 el Campeonato de la Comunidad Valenciana de Tratl\u00f3n por Relevos.<\/h3>\n<p><a href=\"http:\/\/www.mediterraneatriatlon.com\/?utm_source=trienred2&amp;utm_medium=banner&amp;utm_campaign=inscripciones\" rel=\"nofollow noopener\" target=\"_blank\"><img fetchpriority=\"high\" decoding=\"async\" class=\"aligncenter size-full wp-image-62100\" src=\"https:\/\/miurltemporal.com/main/triatletasenred.sport.es\/wp-content\/uploads\/Banner-maritim-post.gif\" alt=\"http:\/\/www.mediterraneatriatlon.com\/?utm_source=trienred2&amp;utm_medium=banner&amp;utm_campaign=inscripciones\" width=\"700\" height=\"150\" \/><\/a><\/p>\n<p style=\"text-align: justify;\">El pr\u00f3ximo domingo la capital de La Safor celebrar\u00e1 un a\u00f1o m\u00e1s su ya consolidado triatl\u00f3n. En esta edici\u00f3n, el evento contar\u00e1 con dos pruebas totalmente diferenciadas. Por un lado habr\u00e1 un <strong>triatl\u00f3n por relevos<\/strong>, que ser\u00e1 puntuable para la la<strong> Lliga de Clubs Caixa Popular<\/strong> y adem\u00e1s <strong>decidir\u00e1 los campeones auton\u00f3micos de esta modalidad.<\/strong> Todos los clubes de la Comunidad Valenciana, que est\u00e1n disputando la Lliga de Clubs Caixa Popular, tendr\u00e1n presencia en la l\u00ednea de salida. Finalmente, la inscripci\u00f3n se cerr\u00f3 con un total de<strong> 108 relevos<\/strong>, sumando as\u00ed m\u00e1s de 300 participantes. Cada relevo constar\u00e1 de 3 miembros, teniendo que completar un triatl\u00f3n supersprint cada uno de los relevistas.<\/p>\n<p>Una vez finalizada la competici\u00f3n auton\u00f3mica tendr\u00e1 lugar un <strong>triatl\u00f3n Open<\/strong>, que se disputar\u00e1 en distancia sprint y en el que participar\u00e1n <strong>m\u00e1s de 200 triatletas.<\/strong><\/p>\n<p style=\"text-align: justify;\">Sin duda, la ma\u00f1ana del domingo ser\u00e1 en una emocionante jornada de triatl\u00f3n, donde los mejores clubes de la Comunidad Valenciana seguir\u00e1n disput\u00e1ndose las primeras plazas de cada una de las divisiones que conforman la Lliga de Clubs Cixa Popular 2019.<\/p>\n","protected":false},"excerpt":{"rendered":"<p>La prueba, que se disputar\u00e1 este domingo, tambi\u00e9n acoger\u00e1 el Campeonato de la Comunidad Valenciana de Tratl\u00f3n por Relevos.\u00a0<\/p>\n","protected":false},"author":6,"featured_media":62160,"comment_status":"closed","ping_status":"closed","sticky":false,"template":"","format":"standard","meta":{"_acf_changed":false,"rank_math_lock_modified_date":false,"footnotes":""},"categories":[17,2033],"tags":[6890,6889,6891],"class_list":{"0":"post-62157","1":"post","2":"type-post","3":"status-publish","4":"format-standard","5":"has-post-thumbnail","7":"category-actualidad","8":"category-sport","9":"tag-comunitat-valenciana","10":"tag-triatlon-gandia","11":"tag-triatlon-por-relevos"},"acf":[],"_links":{"self":[{"href":"https:\/\/miurltemporal.com/main/triatletasenred.sport.es\/wp-json\/wp\/v2\/posts\/62157"}],"collection":[{"href":"https:\/\/miurltemporal.com/main/triatletasenred.sport.es\/wp-json\/wp\/v2\/posts"}],"about":[{"href":"https:\/\/miurltemporal.com/main/triatletasenred.sport.es\/wp-json\/wp\/v2\/types\/post"}],"author":[{"embeddable":true,"href":"https:\/\/miurltemporal.com/main/triatletasenred.sport.es\/wp-json\/wp\/v2\/users\/6"}],"replies":[{"embeddable":true,"href":"https:\/\/miurltemporal.com/main/triatletasenred.sport.es\/wp-json\/wp\/v2\/comments?post=62157"}],"version-history":[{"count":0,"href":"https:\/\/miurltemporal.com/main/triatletasenred.sport.es\/wp-json\/wp\/v2\/posts\/62157\/revisions"}],"wp:featuredmedia":[{"embeddable":true,"href":"https:\/\/miurltemporal.com/main/triatletasenred.sport.es\/wp-json\/wp\/v2\/media\/62160"}],"wp:attachment":[{"href":"https:\/\/miurltemporal.com/main/triatletasenred.sport.es\/wp-json\/wp\/v2\/media?parent=62157"}],"wp:term":[{"taxonomy":"category","embeddable":true,"href":"https:\/\/miurltemporal.com/main/triatletasenred.sport.es\/wp-json\/wp\/v2\/categories?post=62157"},{"taxonomy":"post_tag","embeddable":true,"href":"https:\/\/miurltemporal.com/main/triatletasenred.sport.es\/wp-json\/wp\/v2\/tags?post=62157"}],"curies":[{"name":"wp","href":"https:\/\/api.w.org\/{rel}","templated":true}]}}