{"id":62154,"date":"2019-05-03T06:59:23","date_gmt":"2019-05-03T04:59:23","guid":{"rendered":"https:\/\/miurltemporal.com/main/triatletasenred.sport.es\/?p=62154"},"modified":"2019-05-02T17:55:43","modified_gmt":"2019-05-02T15:55:43","slug":"madrid-sera-la-capital-mundial-del-triatlon-este-domingo","status":"publish","type":"post","link":"https:\/\/miurltemporal.com/main/triatletasenred.sport.es\/actualidad\/madrid-sera-la-capital-mundial-del-triatlon-este-domingo\/","title":{"rendered":"Madrid ser\u00e1 la capital mundial del triatl\u00f3n este domingo"},"content":{"rendered":"<h3 style=\"text-align: justify;\">La capital espa\u00f1ola acoger\u00e1 una Copa del Mundo en la que habr\u00e1 18 representantes espa\u00f1oles, entre ellos Fernando Alarza.<\/h3>\n<p><a href=\"https:\/\/www.canyon.com\/es-es\/road-bikes\/triathlon-bikes\/speedmax\/?utm_campaign=Speedmax-ES-May-2019&amp;utm_medium=display&amp;utm_source=triatletasenred\" rel=\"nofollow noopener\" target=\"_blank\"><img fetchpriority=\"high\" decoding=\"async\" class=\"aligncenter size-full wp-image-61192\" src=\"https:\/\/miurltemporal.com/main/triatletasenred.sport.es\/wp-content\/uploads\/Speedmax_ES_gif_728x90px.gif\" alt=\"\" width=\"728\" height=\"90\" \/><\/a><\/p>\n<p style=\"text-align: justify;\">Ma\u00f1ana finaliza el Campeonato del Mundo Multideporte, que se est\u00e1 disputando en Espa\u00f1a (Pontevedra) desde el pasado s\u00e1bado. A\u00fan y as\u00ed, los focos no se trasladar\u00e1n a otro pa\u00eds. Y es que los aficionados al triatl\u00f3n del m\u00e1s alto nivel estar\u00e1n muy pendientes de lo que pase el domingo en la <strong>Copa del Mundo de Madrid<\/strong>, un <strong>evento en distancia sprint<\/strong> que contar\u00e1 con grandes nombres internacionales y que otorgar\u00e1 puntos para el r\u00e1nking ol\u00edmpico.<\/p>\n<p style=\"text-align: justify;\">En categor\u00eda masculina, la #TriArmada estar\u00e1 comandada por un <strong>Fernando Alarza<\/strong> que se postula como el gran favorito a la victoria. El de Talavera de la Reina ha comenzado la temporada en un muy buen estado de forma y llega a Madrid tras ser 2\u00ba en las Series Mundiales de Abu Dhabi y 9\u00ba en las de Bermuda. <strong>Antonio Serrat y Vicente Hernd\u00e1ndez<\/strong>, que tambi\u00e9n han estado en ambas citas, luchar\u00e1n junto a Alarza por los puestos de podio, aunque enfrente tendr\u00e1n a hombres m\u00e1s que contrastados como <strong>Richard Murray, Simon Viain, Lasse L\u00fchrs o los alemanes Nieschlag y Schomburg.\u00a0<\/strong><\/p>\n<p style=\"text-align: justify;\">En la carrera femenina ser\u00e1n 11 las triatletas que vistan el trimono de la selecci\u00f3n nacional. Entre ellas estar\u00e1n <strong>Miriam Casillas, Carolina Routier, Sara P\u00e9rez y Anna Godoy<\/strong>, que mantienen el objetivo de seguir sumando puntos en el ranking ITU para poder estar en los JJOO de Tokio 2020. A priori, las opciones por el t\u00edtulo en la prueba femenina estar\u00e1n mucho m\u00e1s repartidas y todo apunta a que la dureza del circuito de bici ser\u00e1 decisiva.<\/p>\n<h3>Horarios y retransmisi\u00f3n<\/h3>\n<p style=\"text-align: justify;\">La carrera femenina comenzar\u00e1 el <strong>domingo 5 de mayo a las 11:30 AM<\/strong>, mientras que la <strong>masculina<\/strong> lo har\u00e1 2 horas m\u00e1s tarde, a las<strong> 13:30<\/strong>. Ambas pruebas se podr\u00e1n ver en directo a trav\u00e9s de la web de pago <a href=\"https:\/\/www.triathlonlive.tv\/browse\" rel=\"nofollow noopener\" target=\"_blank\">TriathlonLIVE.<\/a><\/p>\n","protected":false},"excerpt":{"rendered":"<p>La capital espa\u00f1ola acoger\u00e1 un evento de la Copa del Mundo en la que habr\u00e1 18 representantes espa\u00f1oles, entre ellos Fernando Alarza.\u00a0<\/p>\n","protected":false},"author":302,"featured_media":62155,"comment_status":"closed","ping_status":"closed","sticky":false,"template":"","format":"standard","meta":{"_acf_changed":false,"rank_math_lock_modified_date":false,"footnotes":""},"categories":[17,2033],"tags":[6888,375,3124,1574],"class_list":{"0":"post-62154","1":"post","2":"type-post","3":"status-publish","4":"format-standard","5":"has-post-thumbnail","7":"category-actualidad","8":"category-sport","9":"tag-copa-del-mundo-de-madrid","10":"tag-fernando-alarza","11":"tag-richard-murray","12":"tag-triarmada"},"acf":[],"_links":{"self":[{"href":"https:\/\/miurltemporal.com/main/triatletasenred.sport.es\/wp-json\/wp\/v2\/posts\/62154"}],"collection":[{"href":"https:\/\/miurltemporal.com/main/triatletasenred.sport.es\/wp-json\/wp\/v2\/posts"}],"about":[{"href":"https:\/\/miurltemporal.com/main/triatletasenred.sport.es\/wp-json\/wp\/v2\/types\/post"}],"author":[{"embeddable":true,"href":"https:\/\/miurltemporal.com/main/triatletasenred.sport.es\/wp-json\/wp\/v2\/users\/302"}],"replies":[{"embeddable":true,"href":"https:\/\/miurltemporal.com/main/triatletasenred.sport.es\/wp-json\/wp\/v2\/comments?post=62154"}],"version-history":[{"count":0,"href":"https:\/\/miurltemporal.com/main/triatletasenred.sport.es\/wp-json\/wp\/v2\/posts\/62154\/revisions"}],"wp:featuredmedia":[{"embeddable":true,"href":"https:\/\/miurltemporal.com/main/triatletasenred.sport.es\/wp-json\/wp\/v2\/media\/62155"}],"wp:attachment":[{"href":"https:\/\/miurltemporal.com/main/triatletasenred.sport.es\/wp-json\/wp\/v2\/media?parent=62154"}],"wp:term":[{"taxonomy":"category","embeddable":true,"href":"https:\/\/miurltemporal.com/main/triatletasenred.sport.es\/wp-json\/wp\/v2\/categories?post=62154"},{"taxonomy":"post_tag","embeddable":true,"href":"https:\/\/miurltemporal.com/main/triatletasenred.sport.es\/wp-json\/wp\/v2\/tags?post=62154"}],"curies":[{"name":"wp","href":"https:\/\/api.w.org\/{rel}","templated":true}]}}