{"id":62138,"date":"2019-05-02T06:59:58","date_gmt":"2019-05-02T04:59:58","guid":{"rendered":"https:\/\/miurltemporal.com/main/triatletasenred.sport.es\/?p=62138"},"modified":"2019-05-08T19:34:37","modified_gmt":"2019-05-08T17:34:37","slug":"noya-dapena-gurutze-mundial-ld","status":"publish","type":"post","link":"https:\/\/miurltemporal.com/main/triatletasenred.sport.es\/actualidad\/noya-dapena-gurutze-mundial-ld\/","title":{"rendered":"La #TriArmada, a por todas en el Mundial de Triatl\u00f3n de LD"},"content":{"rendered":"<h3 style=\"text-align: justify;\">La selecci\u00f3n nacional, liderada por G\u00f3mez Noya y Pablo Dapena, llega con grandes opciones de medalla a la prueba de este s\u00e1bado.<\/h3>\n<p><a href=\"https:\/\/pontevedra2019.org\/itu\/\" rel=\"nofollow noopener\" target=\"_blank\"><img fetchpriority=\"high\" decoding=\"async\" class=\"aligncenter size-full wp-image-40511\" src=\"https:\/\/miurltemporal.com/main/triatletasenred.sport.es\/wp-content\/uploads\/ITU-Pontevedra-20189.jpg\" alt=\"\" width=\"450\" height=\"251\" srcset=\"https:\/\/miurltemporal.com/main/triatletasenred.sport.es\/wp-content\/uploads\/ITU-Pontevedra-20189.jpg 450w, https:\/\/miurltemporal.com/main/triatletasenred.sport.es\/wp-content\/uploads\/ITU-Pontevedra-20189-300x167.jpg 300w\" sizes=\"(max-width: 450px) 100vw, 450px\" \/><\/a><\/p>\n<p style=\"text-align: justify;\">El pr\u00f3ximo <strong>s\u00e1bado 4 de mayo <\/strong>tendr\u00e1 lugar una de las pruebas estrella del Campeonato del Mundo de Triatl\u00f3n Multideporte de Pontevedra, el<strong> Campeonato del Mundo de Triatl\u00f3n de Larga Distancia. <\/strong>La prueba contar\u00e1 con una representaci\u00f3n espa\u00f1ola que salvo sorpresa may\u00fascula estar\u00e1 luchando por las medallas tanto en categor\u00eda masculina como femenina.<\/p>\n<p style=\"text-align: justify;\">Triatletas de la talla de <strong>Javier G\u00f3mez Noya<\/strong>, que llega en un muy buen estado de forma despu\u00e9s del 2\u00ba puesto que logr\u00f3 en su regreso a las <strong>Series Mundiales<\/strong>\u00a0 o de <strong>Pablo Dapena<\/strong>, que defiende el t\u00edtulo conquistado en el Mundial Multideporte de la temporada pasada en Fyn (Dinamarca), son los nombres m\u00e1s destacados en chicos.<\/p>\n<p style=\"text-align: justify;\">No obstante, <strong>Gustavo Rodr\u00edguez<\/strong>, vigente campe\u00f3n de Espa\u00f1a de Duatl\u00f3n de Media Distancia, o el triatleta catal\u00e1n <strong>Albert Moreno<\/strong> tambi\u00e9n llegan con posibilidades de situarse entre las primeras posiciones de la clasificaci\u00f3n. Completan la representaci\u00f3n masculina, el vasco <strong>Ander Okamika<\/strong>, justo un a\u00f1o despu\u00e9s de sufrir un grave accidente en bici, y <strong>Ander Irigoyen<\/strong>.<\/p>\n<p style=\"text-align: justify;\">En categor\u00eda femenina, <strong>Gurutze Frades<\/strong> se presenta como la principal candidata a las medallas, con el billete ya sellado para el <strong>IRONMAN de Haw\u00e1i<\/strong> gracias al segundo puesto en el <strong>IRONMAN Sud\u00e1frica<\/strong> del pasado 7 de abril. Sin olvidar nombres como el de la gallega <strong>Saleta Castro<\/strong>, especialista en larga distancia, <strong>Anna Noguera<\/strong>, 7\u00aa en el 70.3 Oceanside del mes pasado, <strong>Judith Corach\u00e1n<\/strong> ganadora del Challenge de Salou hace pocas semanas o <strong>Mar\u00eda Pujol<\/strong>. Todas ellas con opciones ser\u00edas de cuajar una excelente actuaci\u00f3n.<\/p>\n<p style=\"text-align: justify;\">Con todos ellos y otros importantes nombres de nivel internacional como<strong> James Cunnama, Terenzo Bozzone, Camila Pedersen o Alexandra Tondeur<\/strong>, Pontevedra se convertir\u00e1 en epicentro del triatl\u00f3n de larga distancia. La prueba se desarrollar\u00e1 con <strong>3km de nataci\u00f3n<\/strong> iniciales, <strong>110 km de bici<\/strong> en un recorrido sin grandes desniveles pero bastante rompepiernas y <strong>30 km finales de carrera a pie<\/strong>.<\/p>\n","protected":false},"excerpt":{"rendered":"<p>La selecci\u00f3n nacional, liderada por G\u00f3mez Noya, Dapena y Gurutze Frades, llega con grandes opciones de medalla a la prueba de este s\u00e1bado.\u00a0<\/p>\n","protected":false},"author":294,"featured_media":61651,"comment_status":"closed","ping_status":"closed","sticky":false,"template":"","format":"standard","meta":{"_acf_changed":false,"rank_math_lock_modified_date":false,"footnotes":""},"categories":[17,2033],"tags":[1042,819,1044,6883,2483],"class_list":{"0":"post-62138","1":"post","2":"type-post","3":"status-publish","4":"format-standard","5":"has-post-thumbnail","7":"category-actualidad","8":"category-sport","9":"tag-gurutze-frades","10":"tag-javier-gomez-noya","11":"tag-larga-distancia","12":"tag-mundial-pontevedra","13":"tag-pablo-dapena"},"acf":[],"_links":{"self":[{"href":"https:\/\/miurltemporal.com/main/triatletasenred.sport.es\/wp-json\/wp\/v2\/posts\/62138"}],"collection":[{"href":"https:\/\/miurltemporal.com/main/triatletasenred.sport.es\/wp-json\/wp\/v2\/posts"}],"about":[{"href":"https:\/\/miurltemporal.com/main/triatletasenred.sport.es\/wp-json\/wp\/v2\/types\/post"}],"author":[{"embeddable":true,"href":"https:\/\/miurltemporal.com/main/triatletasenred.sport.es\/wp-json\/wp\/v2\/users\/294"}],"replies":[{"embeddable":true,"href":"https:\/\/miurltemporal.com/main/triatletasenred.sport.es\/wp-json\/wp\/v2\/comments?post=62138"}],"version-history":[{"count":0,"href":"https:\/\/miurltemporal.com/main/triatletasenred.sport.es\/wp-json\/wp\/v2\/posts\/62138\/revisions"}],"wp:featuredmedia":[{"embeddable":true,"href":"https:\/\/miurltemporal.com/main/triatletasenred.sport.es\/wp-json\/wp\/v2\/media\/61651"}],"wp:attachment":[{"href":"https:\/\/miurltemporal.com/main/triatletasenred.sport.es\/wp-json\/wp\/v2\/media?parent=62138"}],"wp:term":[{"taxonomy":"category","embeddable":true,"href":"https:\/\/miurltemporal.com/main/triatletasenred.sport.es\/wp-json\/wp\/v2\/categories?post=62138"},{"taxonomy":"post_tag","embeddable":true,"href":"https:\/\/miurltemporal.com/main/triatletasenred.sport.es\/wp-json\/wp\/v2\/tags?post=62138"}],"curies":[{"name":"wp","href":"https:\/\/api.w.org\/{rel}","templated":true}]}}