{"id":62070,"date":"2019-04-29T06:59:33","date_gmt":"2019-04-29T04:59:33","guid":{"rendered":"https:\/\/miurltemporal.com/main/triatletasenred.sport.es\/?p=62070"},"modified":"2019-04-29T00:22:14","modified_gmt":"2019-04-28T22:22:14","slug":"video-el-agonico-sprint-con-el-que-emilio-martin-logro-la-plata-en-el-mundial","status":"publish","type":"post","link":"https:\/\/miurltemporal.com/main/triatletasenred.sport.es\/actualidad\/video-el-agonico-sprint-con-el-que-emilio-martin-logro-la-plata-en-el-mundial\/","title":{"rendered":"(V\u00cdDEO) El ag\u00f3nico sprint con el que Emilio Mart\u00edn logr\u00f3 la plata en el Mundial"},"content":{"rendered":"<h3 style=\"text-align: justify;\">Repasamos las mejores im\u00e1genes del Campeonato del Mundo de Duatl\u00f3n, celebrado el s\u00e1bado en Pontevedra.<\/h3>\n<p><a href=\"https:\/\/es.inverseshop.com\/\" rel=\"nofollow noopener\" target=\"_blank\"><img fetchpriority=\"high\" decoding=\"async\" class=\"aligncenter size-full wp-image-54866\" src=\"https:\/\/miurltemporal.com/main/triatletasenred.sport.es\/wp-content\/uploads\/BANNER-TRIATLETAS-EN-RED-700X150-1.gif\" alt=\"\" width=\"700\" height=\"150\" \/><\/a><\/p>\n<p style=\"text-align: justify;\">Dos oros, un bronce y cuatro platas. Tras la prueba de <strong>Duatl\u00f3n de este Mundial Multideporte 2019<\/strong>, el m\u00edtico <strong>Emilio Mart\u00edn<\/strong> ya acumula <strong>7 medallas en Campeonatos del Mundo.<\/strong> Una gesta solo a la altura de un atleta como \u00e9l, que a sus 36 a\u00f1os sigue dando lecciones que con dedicaci\u00f3n y pasi\u00f3n por lo que haces no hay l\u00edmites. El s\u00e1bado volvi\u00f3 a demostrarlo, con <a href=\"https:\/\/miurltemporal.com/main/triatletasenred.sport.es\/actualidad\/duatlon-mundial-pontevedra-2019-cronica\/\">un \u00faltimo parcial a pie incre\u00edble que le sirvi\u00f3 para <strong>cubrir los 5 kms en 14&#8217;21&#8221;<\/strong><\/a> y arrebatarle a escasos metros de meta la 2\u00aa posici\u00f3n al belga <strong>Vandecasteele.<\/strong><\/p>\n<p>https:\/\/twitter.com\/mpib_sports\/status\/1122105507643297792?s=21<\/p>\n<p style=\"text-align: justify;\">\u00bfTe perdiste su machada? La ITU ha publicado en su canal de Youtube un v\u00eddeo-resumen con las mejores im\u00e1genes de la carrera. Esos metros finales, la felicidad que mostr\u00f3 el onubense tras el sprint&#8230; <strong>\u00a1No te vayas nunca, Emilio!<\/strong><\/p>\n<div class=\"youtube-embed\" data-video_id=\"pUR05Yb2rYA\"><iframe title=\"Pontevedra ITU Duathlon World Championships - elite | U23 race\" width=\"696\" height=\"392\" src=\"https:\/\/www.youtube.com\/embed\/pUR05Yb2rYA?feature=oembed&#038;enablejsapi=1\" frameborder=\"0\" allow=\"accelerometer; autoplay; clipboard-write; encrypted-media; gyroscope; picture-in-picture; web-share\" allowfullscreen><\/iframe><\/div>\n","protected":false},"excerpt":{"rendered":"<p>Repasamos las mejores im\u00e1genes del Campeonato del Mundo de Duatl\u00f3n, celebrado el s\u00e1bado en la ciudad gallega de Pontevedra.<\/p>\n","protected":false},"author":302,"featured_media":62072,"comment_status":"closed","ping_status":"closed","sticky":false,"template":"","format":"standard","meta":{"_acf_changed":false,"rank_math_lock_modified_date":false,"footnotes":""},"categories":[17,2033],"tags":[2514,572,2562,6362,980],"class_list":{"0":"post-62070","1":"post","2":"type-post","3":"status-publish","4":"format-standard","5":"has-post-thumbnail","7":"category-actualidad","8":"category-sport","9":"tag-campeonato-del-mundo","10":"tag-duatlon","11":"tag-emilio-martin","12":"tag-pontevedra-2019","13":"tag-sprint"},"acf":[],"_links":{"self":[{"href":"https:\/\/miurltemporal.com/main/triatletasenred.sport.es\/wp-json\/wp\/v2\/posts\/62070"}],"collection":[{"href":"https:\/\/miurltemporal.com/main/triatletasenred.sport.es\/wp-json\/wp\/v2\/posts"}],"about":[{"href":"https:\/\/miurltemporal.com/main/triatletasenred.sport.es\/wp-json\/wp\/v2\/types\/post"}],"author":[{"embeddable":true,"href":"https:\/\/miurltemporal.com/main/triatletasenred.sport.es\/wp-json\/wp\/v2\/users\/302"}],"replies":[{"embeddable":true,"href":"https:\/\/miurltemporal.com/main/triatletasenred.sport.es\/wp-json\/wp\/v2\/comments?post=62070"}],"version-history":[{"count":0,"href":"https:\/\/miurltemporal.com/main/triatletasenred.sport.es\/wp-json\/wp\/v2\/posts\/62070\/revisions"}],"wp:featuredmedia":[{"embeddable":true,"href":"https:\/\/miurltemporal.com/main/triatletasenred.sport.es\/wp-json\/wp\/v2\/media\/62072"}],"wp:attachment":[{"href":"https:\/\/miurltemporal.com/main/triatletasenred.sport.es\/wp-json\/wp\/v2\/media?parent=62070"}],"wp:term":[{"taxonomy":"category","embeddable":true,"href":"https:\/\/miurltemporal.com/main/triatletasenred.sport.es\/wp-json\/wp\/v2\/categories?post=62070"},{"taxonomy":"post_tag","embeddable":true,"href":"https:\/\/miurltemporal.com/main/triatletasenred.sport.es\/wp-json\/wp\/v2\/tags?post=62070"}],"curies":[{"name":"wp","href":"https:\/\/api.w.org\/{rel}","templated":true}]}}