{"id":62052,"date":"2019-04-27T19:50:06","date_gmt":"2019-04-27T17:50:06","guid":{"rendered":"https:\/\/miurltemporal.com/main/triatletasenred.sport.es\/?p=62052"},"modified":"2019-04-28T20:51:58","modified_gmt":"2019-04-28T18:51:58","slug":"victoria-para-alberto-gonzalez-en-la-copa-de-europa-de-quarteira","status":"publish","type":"post","link":"https:\/\/miurltemporal.com/main/triatletasenred.sport.es\/actualidad\/victoria-para-alberto-gonzalez-en-la-copa-de-europa-de-quarteira\/","title":{"rendered":"Victoria para Alberto Gonz\u00e1lez en la Copa de Europa de Quarteira"},"content":{"rendered":"<h3 style=\"text-align: justify;\">El andaluz logra en Portugal el mejor resultado de su carrera tras una actuaci\u00f3n de lo m\u00e1s s\u00f3lida.<\/h3>\n<p><a href=\"https:\/\/zone3.es\/\" rel=\"nofollow noopener\" target=\"_blank\"><img fetchpriority=\"high\" decoding=\"async\" class=\"aligncenter size-full wp-image-58904\" src=\"https:\/\/miurltemporal.com/main/triatletasenred.sport.es\/wp-content\/uploads\/zone3-nuevo-1.gif\" alt=\"\" width=\"746\" height=\"149\" \/><\/a><\/p>\n<p style=\"text-align: justify;\">Ven\u00eda de ser 4\u00ba en la Copa de Europa de Melilla y ya avisamos de que querr\u00eda quitarse esa espinita. \u00a1Y lo hizo! El joven <strong>Albert Gonz\u00e1lez<\/strong> gan\u00f3 con autoridad hoy en la <strong>Copa de Europa de Quarteira (Portugal)<\/strong> y sum\u00f3 a su palmar\u00e9s el, probablemente, \u00e9xito m\u00e1s importante desde que compite a nivel internacional.<\/p>\n<p style=\"text-align: justify;\">El peque\u00f1o de los Gonz\u00e1lez estuvo en la pomada desde el inicio en esta competici\u00f3n bajo distancia ol\u00edmpica. Nad\u00f3 cerca de <strong>Kevin Tarek Vi\u00f1uela<\/strong>, que sali\u00f3 l\u00edder del agua. Tras un sector ciclista compacto, la prueba se resolver\u00eda en los 10 kms finales y Alberto no perdon\u00f3:<strong> corri\u00f3 en 32&#8217;10&#8221; para llegar a meta con un tiempo de 1h50&#8217;28&#8221;<\/strong> y acabar por delante del brit\u00e1nico Ben Dijkstra y del noruego Thorn. Vi\u00f1uela fue 7\u00ba.<\/p>\n","protected":false},"excerpt":{"rendered":"<p>El andaluz logra en Portugal el mejor resultado de su carrera tras una actuaci\u00f3n de lo m\u00e1s s\u00f3lida.\u00a0<\/p>\n","protected":false},"author":302,"featured_media":61744,"comment_status":"closed","ping_status":"closed","sticky":false,"template":"","format":"standard","meta":{"_acf_changed":false,"rank_math_lock_modified_date":false,"footnotes":""},"categories":[17,2033],"tags":[4511,6860],"class_list":{"0":"post-62052","1":"post","2":"type-post","3":"status-publish","4":"format-standard","5":"has-post-thumbnail","7":"category-actualidad","8":"category-sport","9":"tag-alberto-gonzalez","10":"tag-copa-de-europa-de-quarteira"},"acf":[],"_links":{"self":[{"href":"https:\/\/miurltemporal.com/main/triatletasenred.sport.es\/wp-json\/wp\/v2\/posts\/62052"}],"collection":[{"href":"https:\/\/miurltemporal.com/main/triatletasenred.sport.es\/wp-json\/wp\/v2\/posts"}],"about":[{"href":"https:\/\/miurltemporal.com/main/triatletasenred.sport.es\/wp-json\/wp\/v2\/types\/post"}],"author":[{"embeddable":true,"href":"https:\/\/miurltemporal.com/main/triatletasenred.sport.es\/wp-json\/wp\/v2\/users\/302"}],"replies":[{"embeddable":true,"href":"https:\/\/miurltemporal.com/main/triatletasenred.sport.es\/wp-json\/wp\/v2\/comments?post=62052"}],"version-history":[{"count":0,"href":"https:\/\/miurltemporal.com/main/triatletasenred.sport.es\/wp-json\/wp\/v2\/posts\/62052\/revisions"}],"wp:featuredmedia":[{"embeddable":true,"href":"https:\/\/miurltemporal.com/main/triatletasenred.sport.es\/wp-json\/wp\/v2\/media\/61744"}],"wp:attachment":[{"href":"https:\/\/miurltemporal.com/main/triatletasenred.sport.es\/wp-json\/wp\/v2\/media?parent=62052"}],"wp:term":[{"taxonomy":"category","embeddable":true,"href":"https:\/\/miurltemporal.com/main/triatletasenred.sport.es\/wp-json\/wp\/v2\/categories?post=62052"},{"taxonomy":"post_tag","embeddable":true,"href":"https:\/\/miurltemporal.com/main/triatletasenred.sport.es\/wp-json\/wp\/v2\/tags?post=62052"}],"curies":[{"name":"wp","href":"https:\/\/api.w.org\/{rel}","templated":true}]}}