{"id":62025,"date":"2019-04-27T13:28:37","date_gmt":"2019-04-27T11:28:37","guid":{"rendered":"https:\/\/miurltemporal.com/main/triatletasenred.sport.es\/?p=62025"},"modified":"2019-04-27T13:30:18","modified_gmt":"2019-04-27T11:30:18","slug":"duatlon-mundial-pontevedra-2019-cronica","status":"publish","type":"post","link":"https:\/\/miurltemporal.com/main/triatletasenred.sport.es\/actualidad\/duatlon-mundial-pontevedra-2019-cronica\/","title":{"rendered":"\u00a1Plata para Emilio Mart\u00edn en el Campeonato del Mundo de Duatl\u00f3n!"},"content":{"rendered":"<h3 style=\"text-align: justify;\">El duatleta de Huelva acab\u00f3 2\u00ba en Pontevedra, por detr\u00e1s del franc\u00e9s Choquert, tras un sprint final que tardaremos en olvidar.<\/h3>\n<p><a href=\"https:\/\/es.inverseshop.com\/\" rel=\"nofollow noopener\" target=\"_blank\"><img fetchpriority=\"high\" decoding=\"async\" class=\"aligncenter size-full wp-image-54866\" src=\"https:\/\/miurltemporal.com/main/triatletasenred.sport.es\/wp-content\/uploads\/BANNER-TRIATLETAS-EN-RED-700X150-1.gif\" alt=\"\" width=\"700\" height=\"150\" \/><\/a><\/p>\n<p style=\"text-align: justify;\">Emilio es incansable. A sus 36 a\u00f1os y despu\u00e9s de haber ganado 2 t\u00edtulos de campe\u00f3n del mundo de Duatl\u00f3n, el onubense sum\u00f3 hoy en <strong>Pontevedra<\/strong> un nuevo \u00e9xito en su palmar\u00e9s tras un parcial a pie final para la historia. No podemos estar m\u00e1s satisfechos: el <strong>Campeonato del Mundo Multideporte 2019<\/strong> ha arrancado de la mejor forma posible.<\/p>\n<p style=\"text-align: justify;\">La carrera arranc\u00f3 con los franceses <strong>Yohan Le Berre y Benjamin Choquert<\/strong>, vigentes campe\u00f3n y subcampe\u00f3n de Europa, intentando romper la prueba desde el principio. Se escaparon en los 10 kms a pie iniciales, tal y como ya hicieron en el Europeo 2018 de Ibiza, y llegaron a la T1 con una renta de 1&#8242; de ventaja sobre los perseguidores a pesar de que Le Berre perdi\u00f3 20&#8243; en la zona de transici\u00f3n debido a una penalizaci\u00f3n.<\/p>\n<p style=\"text-align: justify;\">Por detr\u00e1s llegaron en el grupo perseguidor los espa\u00f1oles <strong>Antonio Benito, Emilio Mart\u00edn, Luis Miguel Mart\u00edn Berlanas y Javier Mart\u00edn,<\/strong> que lograron alcanzar a los franceses en el segmento ciclista. <strong>Crist\u00f3bal Garc\u00eda y Carlos Oliver<\/strong>, que comenzaron los 40 kms de bici en un grupo m\u00e1s rezagado, tambi\u00e9n lograron enlazar y se acab\u00f3 formando un grupo delantero de m\u00e1s de 20 participantes a falta de 10 kms para la carrera a pie. A\u00fan y as\u00ed, esa parte final del segmento ciclista no iba a ser para nada tranquila: el brit\u00e1nico <strong>Lloyd<\/strong> y el holand\u00e9s <strong>Cremers<\/strong> atacaron y llegaron a la T1 con medio minuto de ventaja sobre el resto de favoritos.<\/p>\n<p style=\"text-align: justify;\"><strong>Choquert volver\u00eda a exhibirse a pie<\/strong> como ya hab\u00eda hecho en el primer segmento atl\u00e9tico. Tard\u00f3 poco en liderar los 5 kms finales y logr\u00f3 una renta que ya no soltar\u00eda hasta meta. Sell\u00f3 el triunfo con 1h45&#8217;56&#8221; y a 14&#8243; lleg\u00f3 un estratosf\u00e9rico <strong>Emilio Mart\u00edn<\/strong> para ser 2\u00ba tras una remontada a pie sensacional y un<strong> sprint final ag\u00f3nico con el que super\u00f3 al belga Vandecasteele.\u00a0<\/strong>Javier Mart\u00edn y Luis Miguel Mart\u00edn Berlanas, a sus 47 a\u00f1os, cerraron una actuaci\u00f3n fant\u00e1stica con puestos de Top10 para ambos.<\/p>\n","protected":false},"excerpt":{"rendered":"<p>El duatleta de Huelva acab\u00f3 2\u00ba en Pontevedra, por detr\u00e1s del franc\u00e9s Choquert, tras un sprint final que tardaremos en olvidar.\u00a0<\/p>\n","protected":false},"author":302,"featured_media":62030,"comment_status":"closed","ping_status":"closed","sticky":false,"template":"","format":"standard","meta":{"_acf_changed":false,"rank_math_lock_modified_date":false,"footnotes":""},"categories":[17,2033],"tags":[6853,572,2562,6539,2152],"class_list":{"0":"post-62025","1":"post","2":"type-post","3":"status-publish","4":"format-standard","5":"has-post-thumbnail","7":"category-actualidad","8":"category-sport","9":"tag-choquert","10":"tag-duatlon","11":"tag-emilio-martin","12":"tag-mundial-multideporte","13":"tag-pontevedra"},"acf":[],"_links":{"self":[{"href":"https:\/\/miurltemporal.com/main/triatletasenred.sport.es\/wp-json\/wp\/v2\/posts\/62025"}],"collection":[{"href":"https:\/\/miurltemporal.com/main/triatletasenred.sport.es\/wp-json\/wp\/v2\/posts"}],"about":[{"href":"https:\/\/miurltemporal.com/main/triatletasenred.sport.es\/wp-json\/wp\/v2\/types\/post"}],"author":[{"embeddable":true,"href":"https:\/\/miurltemporal.com/main/triatletasenred.sport.es\/wp-json\/wp\/v2\/users\/302"}],"replies":[{"embeddable":true,"href":"https:\/\/miurltemporal.com/main/triatletasenred.sport.es\/wp-json\/wp\/v2\/comments?post=62025"}],"version-history":[{"count":0,"href":"https:\/\/miurltemporal.com/main/triatletasenred.sport.es\/wp-json\/wp\/v2\/posts\/62025\/revisions"}],"wp:featuredmedia":[{"embeddable":true,"href":"https:\/\/miurltemporal.com/main/triatletasenred.sport.es\/wp-json\/wp\/v2\/media\/62030"}],"wp:attachment":[{"href":"https:\/\/miurltemporal.com/main/triatletasenred.sport.es\/wp-json\/wp\/v2\/media?parent=62025"}],"wp:term":[{"taxonomy":"category","embeddable":true,"href":"https:\/\/miurltemporal.com/main/triatletasenred.sport.es\/wp-json\/wp\/v2\/categories?post=62025"},{"taxonomy":"post_tag","embeddable":true,"href":"https:\/\/miurltemporal.com/main/triatletasenred.sport.es\/wp-json\/wp\/v2\/tags?post=62025"}],"curies":[{"name":"wp","href":"https:\/\/api.w.org\/{rel}","templated":true}]}}