{"id":61996,"date":"2019-04-25T06:58:48","date_gmt":"2019-04-25T04:58:48","guid":{"rendered":"https:\/\/miurltemporal.com/main/triatletasenred.sport.es\/?p=61996"},"modified":"2019-04-25T12:57:03","modified_gmt":"2019-04-25T10:57:03","slug":"copa-europa-quarteira-previa-2019","status":"publish","type":"post","link":"https:\/\/miurltemporal.com/main/triatletasenred.sport.es\/actualidad\/copa-europa-quarteira-previa-2019\/","title":{"rendered":"La Copa de Europa de Quarteira reunir\u00e1 a 22 triatletas espa\u00f1oles"},"content":{"rendered":"<h3>Xisca Tous, Tamara G\u00f3mez, Kevin Tarek Vi\u00f1uela y Alberto Gonz\u00e1lez luchar\u00e1n por las medallas el s\u00e1bado en Portugal.<\/h3>\n<p><a href=\"https:\/\/www.canyon.com\/es-es\/road-bikes\/race-bikes\/aeroad\/?utm_campaign=Aeroad-ES-Apr-2019&amp;utm_medium=display&amp;utm_source=triatletasenred\" rel=\"nofollow noopener\" target=\"_blank\"><img fetchpriority=\"high\" decoding=\"async\" class=\"aligncenter size-full wp-image-61659\" src=\"https:\/\/miurltemporal.com/main/triatletasenred.sport.es\/wp-content\/uploads\/Aeroad_Sram_ES_728x90px-1.gif\" alt=\"\" width=\"728\" height=\"90\" \/><\/a><\/p>\n<p style=\"text-align: justify;\">Tras dos eventos en Espa\u00f1a (Huelva y Melilla) el circuito de la <strong>Copa de Europa<\/strong> de triatl\u00f3n se traslada a Portugal este fin de semana. La localidad de <strong>Quarteira<\/strong> acoger\u00e1 este s\u00e1bado una nueva prueba, esta vez en distancia ol\u00edmpica, en la que <strong>la #TriArmada estar\u00e1 representada por 22 deportistas.\u00a0<\/strong><\/p>\n<p style=\"text-align: justify;\"><strong>Xisca Tous y Tamara G\u00f3mez<\/strong> son las espa\u00f1olas con m\u00e1s opciones a luchar por las medallas en la carrera femenina. La campeona nacional y la triatleta ilicitana, que cuaj\u00f3 un buen papel en Melilla, no lo tendr\u00e1n nada f\u00e1cil debido a la presencia de mujeres como la germana <strong>Laura Lindemann<\/strong>, las francesas <strong>Merle y Dodet<\/strong> o la belga <strong>Severine Bouchez.\u00a0<\/strong><\/p>\n<p style=\"text-align: justify;\">A las <strong>8 espa\u00f1olas<\/strong> que competir\u00e1n en Portugal se une una interesante lista de <strong>14 hombres<\/strong> liderados por <strong>Kevin Tarek Vi\u00f1uela y Alberto Gonz\u00e1lez.<\/strong> \u00c9ste \u00faltimo roz\u00f3 la medalla hace dos semanas en la Copa de Europa de Melilla e intentar\u00e1 quitarse esa espinita. <strong>Ben Dijkstra<\/strong>, 3\u00ba en aquella competici\u00f3n, est\u00e1 en un grupo de candidatos al triunfo en el que tambi\u00e9n est\u00e1n <strong>Marco Van Der Stel, Christophe de Keyser y los galos Guerbeur,\u00a0Hueber-Moosbrugger y Richard.\u00a0<\/strong><\/p>\n<h3>Horarios<\/h3>\n<p style=\"text-align: justify;\">La prueba femenina comenzar\u00e1 el s\u00e1bado 27 de abril a las 13:45. M\u00e1s tarde, a las 16:30, arrancar\u00e1 la prueba masculina.<\/p>\n","protected":false},"excerpt":{"rendered":"<p>Xisca Tous, Tamara G\u00f3mez, Kevin Tarek Vi\u00f1uela y Alberto Gonz\u00e1lez luchar\u00e1n por las medallas el s\u00e1bado en Portugal.\u00a0<\/p>\n","protected":false},"author":302,"featured_media":61997,"comment_status":"closed","ping_status":"closed","sticky":false,"template":"","format":"standard","meta":{"_acf_changed":false,"rank_math_lock_modified_date":false,"footnotes":""},"categories":[17,2033],"tags":[4511,6846,4499,1574,3520],"class_list":{"0":"post-61996","1":"post","2":"type-post","3":"status-publish","4":"format-standard","5":"has-post-thumbnail","7":"category-actualidad","8":"category-sport","9":"tag-alberto-gonzalez","10":"tag-copa-europa","11":"tag-quarteira","12":"tag-triarmada","13":"tag-xisca-tous"},"acf":[],"_links":{"self":[{"href":"https:\/\/miurltemporal.com/main/triatletasenred.sport.es\/wp-json\/wp\/v2\/posts\/61996"}],"collection":[{"href":"https:\/\/miurltemporal.com/main/triatletasenred.sport.es\/wp-json\/wp\/v2\/posts"}],"about":[{"href":"https:\/\/miurltemporal.com/main/triatletasenred.sport.es\/wp-json\/wp\/v2\/types\/post"}],"author":[{"embeddable":true,"href":"https:\/\/miurltemporal.com/main/triatletasenred.sport.es\/wp-json\/wp\/v2\/users\/302"}],"replies":[{"embeddable":true,"href":"https:\/\/miurltemporal.com/main/triatletasenred.sport.es\/wp-json\/wp\/v2\/comments?post=61996"}],"version-history":[{"count":0,"href":"https:\/\/miurltemporal.com/main/triatletasenred.sport.es\/wp-json\/wp\/v2\/posts\/61996\/revisions"}],"wp:featuredmedia":[{"embeddable":true,"href":"https:\/\/miurltemporal.com/main/triatletasenred.sport.es\/wp-json\/wp\/v2\/media\/61997"}],"wp:attachment":[{"href":"https:\/\/miurltemporal.com/main/triatletasenred.sport.es\/wp-json\/wp\/v2\/media?parent=61996"}],"wp:term":[{"taxonomy":"category","embeddable":true,"href":"https:\/\/miurltemporal.com/main/triatletasenred.sport.es\/wp-json\/wp\/v2\/categories?post=61996"},{"taxonomy":"post_tag","embeddable":true,"href":"https:\/\/miurltemporal.com/main/triatletasenred.sport.es\/wp-json\/wp\/v2\/tags?post=61996"}],"curies":[{"name":"wp","href":"https:\/\/api.w.org\/{rel}","templated":true}]}}