{"id":61973,"date":"2019-04-25T06:56:57","date_gmt":"2019-04-25T04:56:57","guid":{"rendered":"https:\/\/miurltemporal.com/main/triatletasenred.sport.es\/?p=61973"},"modified":"2019-05-08T19:32:20","modified_gmt":"2019-05-08T17:32:20","slug":"se-acabo-la-espera-el-mundial-de-pontevedra-ya-esta-aqui","status":"publish","type":"post","link":"https:\/\/miurltemporal.com/main/triatletasenred.sport.es\/actualidad\/se-acabo-la-espera-el-mundial-de-pontevedra-ya-esta-aqui\/","title":{"rendered":"Se acab\u00f3 la espera: el Mundial de Pontevedra ya est\u00e1 aqu\u00ed"},"content":{"rendered":"<h3 style=\"text-align: justify;\">Este fin de semana arranca en la ciudad gallega una de las citas de la temporada: el Campeonato del Mundo Multideporte. El duatl\u00f3n ser\u00e1 la prueba inaugural.<\/h3>\n<p><a href=\"https:\/\/pontevedra2019.org\/itu\/\" rel=\"nofollow noopener\" target=\"_blank\"><img fetchpriority=\"high\" decoding=\"async\" class=\"aligncenter size-full wp-image-40511\" src=\"https:\/\/miurltemporal.com/main/triatletasenred.sport.es\/wp-content\/uploads\/ITU-Pontevedra-20189.jpg\" alt=\"\" width=\"450\" height=\"251\" srcset=\"https:\/\/miurltemporal.com/main/triatletasenred.sport.es\/wp-content\/uploads\/ITU-Pontevedra-20189.jpg 450w, https:\/\/miurltemporal.com/main/triatletasenred.sport.es\/wp-content\/uploads\/ITU-Pontevedra-20189-300x167.jpg 300w\" sizes=\"(max-width: 450px) 100vw, 450px\" \/><\/a><\/p>\n<p style=\"text-align: justify;\">Llev\u00e1bamos meses hablando de esta gran cita y al fin podremos disfrutar al m\u00e1ximo de ella. El s\u00e1bado dar\u00e1 comienzo el <strong>Campeonato del Mundo Multideporte 2019<\/strong>, que se disputar\u00e1 en <strong>Pontevedra<\/strong> durante 7 d\u00edas y en el que participar\u00e1n 4.000 deportistas profesionales y amateur.<\/p>\n<p style=\"text-align: justify;\">La prueba inaugural de la cita ser\u00e1 el <strong>Campeonato del Mundo de Duatl\u00f3n<\/strong>, con grandes opciones de medalla para los deportistas espa\u00f1oles en una prueba que se disputar\u00e1 bajo distancia ol\u00edmpica (10-40-5). La #TriArmada estar\u00e1 liderada por <strong>Emilio Mart\u00edn<\/strong>, campe\u00f3n de Espa\u00f1a y medallista internacional en multitud de ocasiones. Junto a \u00e9l en la l\u00ednea de salida tendremos a <strong>Antonio Benito<\/strong>, que viene de superarle hace dos semanas en el nacional de Soria y que pasa por un momento de forma brillante. Ambos luchar\u00e1n por la victoria contra hombres como\u00a0el h\u00fangaro <strong>Lazslo Tarnai<\/strong>, el joven belga <strong>Arnaud Dely<\/strong> o los franceses\u00a0<strong>Choquert, Le Berre y Nicolas<\/strong>. <strong>Luis Miguel Mart\u00edn Berlanas, Crist\u00f3bal Garc\u00eda y los Sub23 Carlos Oliver y Sergio Correa<\/strong> tambi\u00e9n ser\u00e1n de la partida.<\/p>\n<p style=\"text-align: justify;\">Dos nombres propios destacan en la Start List femenina: la campeona del mundo <strong>Sandrina Illes<\/strong> y la campeona de Europa Sandra Levenez. Ambas, ser\u00e1n las grandes favoritas al triunfo con<strong> Irene Loizate<\/strong> intentando pelear con ellas los puesto de honor tras su gran exhibici\u00f3n en el reciente Campeonato de Espa\u00f1a y con la medalla europea de Ibiza 2018 bajo el brazo. Irene estar\u00e1 acompa\u00f1ada por <strong>Sonia Bejarano<\/strong> en la lista de salida, con las bajas de \u00faltima hora de Jocelyn Brea, por motivos personales, y Mar\u00eda Varo, tras ser atropellada en bicicleta en uno de sus \u00faltimos entrenamientos para el Campeonato de Espa\u00f1a. <strong>Marta Pintanel y Tania Alv\u00e1rez<\/strong> ser\u00e1n las representantes sub23 espa\u00f1olas.<\/p>\n<h3>Horarios<\/h3>\n<p>Las pruebas <strong>\u00e9lite y Sub23<\/strong> dar\u00e1n comienzo <strong>el s\u00e1bado 27 de abril a las 11:30 (masculina) y a las 13:45 (femenina) <\/strong>y se podr\u00e1n ver en directo a trav\u00e9s del <a href=\"https:\/\/www.youtube.com\/channel\/UCIfgjNyrVPxtn86fWU65lSg\" rel=\"nofollow noopener\" target=\"_blank\"><strong>canal de Youtube de LaLigaSports.<\/strong><\/a><\/p>\n<p>Antes, a las 8:00, se disputar\u00e1 la prueba de Grupos de Edad en distancia sprint.<\/p>\n<p>Ya por la tarde, a las 16:00, llegar\u00e1 el turno para los Grupos de Edad en distancia ol\u00edmpica.<\/p>\n<p>El domingo ser\u00e1 el turno de los paratriatletas (9:00) y de los duatletas j\u00fanior (a partir de las 11:15).<\/p>\n","protected":false},"excerpt":{"rendered":"<p>Este fin de semana arranca en la ciudad gallega una de las citas de la temporada: el Campeonato del Mundo Multideporte. El duatl\u00f3n ser\u00e1 la prueba inaugural.<\/p>\n","protected":false},"author":302,"featured_media":61977,"comment_status":"closed","ping_status":"closed","sticky":false,"template":"","format":"standard","meta":{"_acf_changed":false,"rank_math_lock_modified_date":false,"footnotes":""},"categories":[17,2033],"tags":[572,2562,6841,6804,6488,2152],"class_list":{"0":"post-61973","1":"post","2":"type-post","3":"status-publish","4":"format-standard","5":"has-post-thumbnail","7":"category-actualidad","8":"category-sport","9":"tag-duatlon","10":"tag-emilio-martin","11":"tag-horarios","12":"tag-irene-loizate","13":"tag-mundial-multideporte-2019","14":"tag-pontevedra"},"acf":[],"_links":{"self":[{"href":"https:\/\/miurltemporal.com/main/triatletasenred.sport.es\/wp-json\/wp\/v2\/posts\/61973"}],"collection":[{"href":"https:\/\/miurltemporal.com/main/triatletasenred.sport.es\/wp-json\/wp\/v2\/posts"}],"about":[{"href":"https:\/\/miurltemporal.com/main/triatletasenred.sport.es\/wp-json\/wp\/v2\/types\/post"}],"author":[{"embeddable":true,"href":"https:\/\/miurltemporal.com/main/triatletasenred.sport.es\/wp-json\/wp\/v2\/users\/302"}],"replies":[{"embeddable":true,"href":"https:\/\/miurltemporal.com/main/triatletasenred.sport.es\/wp-json\/wp\/v2\/comments?post=61973"}],"version-history":[{"count":0,"href":"https:\/\/miurltemporal.com/main/triatletasenred.sport.es\/wp-json\/wp\/v2\/posts\/61973\/revisions"}],"wp:featuredmedia":[{"embeddable":true,"href":"https:\/\/miurltemporal.com/main/triatletasenred.sport.es\/wp-json\/wp\/v2\/media\/61977"}],"wp:attachment":[{"href":"https:\/\/miurltemporal.com/main/triatletasenred.sport.es\/wp-json\/wp\/v2\/media?parent=61973"}],"wp:term":[{"taxonomy":"category","embeddable":true,"href":"https:\/\/miurltemporal.com/main/triatletasenred.sport.es\/wp-json\/wp\/v2\/categories?post=61973"},{"taxonomy":"post_tag","embeddable":true,"href":"https:\/\/miurltemporal.com/main/triatletasenred.sport.es\/wp-json\/wp\/v2\/tags?post=61973"}],"curies":[{"name":"wp","href":"https:\/\/api.w.org\/{rel}","templated":true}]}}