{"id":61890,"date":"2019-04-17T09:43:32","date_gmt":"2019-04-17T07:43:32","guid":{"rendered":"https:\/\/miurltemporal.com/main/triatletasenred.sport.es\/?p=61890"},"modified":"2019-04-17T09:43:32","modified_gmt":"2019-04-17T07:43:32","slug":"una-lesion-aleja-a-lionel-sanders-del-ironman-de-kona","status":"publish","type":"post","link":"https:\/\/miurltemporal.com/main/triatletasenred.sport.es\/actualidad\/una-lesion-aleja-a-lionel-sanders-del-ironman-de-kona\/","title":{"rendered":"Una lesi\u00f3n aleja a Lionel Sanders del Ironman de Kona"},"content":{"rendered":"<h3 style=\"text-align: justify;\">El canadiense tiene una fractura del sacro que no le permitir\u00e1 correr durante tres meses y que le complica su clasificaci\u00f3n para el Mundial.<\/h3>\n<p><a href=\"https:\/\/es.inverseshop.com\/\" rel=\"nofollow noopener\" target=\"_blank\"><img fetchpriority=\"high\" decoding=\"async\" class=\"aligncenter size-full wp-image-54866\" src=\"https:\/\/miurltemporal.com/main/triatletasenred.sport.es\/wp-content\/uploads\/BANNER-TRIATLETAS-EN-RED-700X150-1.gif\" alt=\"\" width=\"700\" height=\"150\" \/><\/a><\/p>\n<p style=\"text-align: justify;\">Llev\u00e1bamos tiempo sin verle activo. Adem\u00e1s de no hacer p\u00fablicos sus entrenamientos en las redes sociales, <strong>Lionel Sanders<\/strong> no debut\u00f3 en 2019 en el <strong>70.3 de Oceanside<\/strong>, tal y como inicialmente estaba previsto. Y al fin, tras semanas de inc\u00f3gnitas, hemos salido de dudas: el canadiense sufre una fractura en el sacro y est\u00e1 en el dique seco.<\/p>\n<p style=\"text-align: justify;\">Sanders lo ha anunaciado as\u00ed hace escasas dos horas en su perfil de Instagram: <strong>&#8220;No podr\u00e9 correr en los pr\u00f3ximos 3-4 meses.<\/strong> Sin embargo, siempre hay un lado positivo y aprovechar\u00e9 la lesi\u00f3n para trabajar la nataci\u00f3n y otros aspectos&#8221;. Lo cierto es que el subcampe\u00f3n del mundo en 2018 se muestra optimista, pero el calendario aprieta y aunque Kona 2019 a\u00fan se ve muy lejos, <strong>Sanders a\u00fan no tiene sellada su clasificaci\u00f3n para Hawaii.<\/strong> Este contratiempo har\u00e1 que, como m\u00ednimo, no vuelva a recuperar su mejor estado de forma hasta finales de verano, a s\u00f3lo 2 meses del Campeonato del Mundo, por lo que sus opciones de lograr el billete para Kona se reducen much\u00edsimo. \u00bfLlegar\u00e1 a tiempo?<\/p>\n<p style=\"text-align: justify;\">Pero, \u00bfc\u00f3mo ha llegado Sanders a romperse el sacro? El canadiense tambi\u00e9n lo ha explicado en el comunicado: &#8220;El 19 de marzo hice un entrenamiento de series a pie y el gl\u00fateo me empez\u00f3 a doler. Descans\u00e9 tres semanas pero el dolor no desapareci\u00f3. Llam\u00e9 a mi madre para explicarle mi situaci\u00f3n y ella dio con la tecla&#8230; Me pregunt\u00f3 si me hab\u00eda ca\u00eddo. Entonces record\u00e9 que <strong>el 18 de marzo par\u00e9 a beber en una fuente, perd\u00ed el equilibrio y ca\u00ed directamente sobre mi trasero&#8221;.\u00a0<\/strong><\/p>\n","protected":false},"excerpt":{"rendered":"<p>El canadiense tiene una fractura del sacro que no le permitir\u00e1 correr durante tres meses y que le complica su clasificaci\u00f3n para el Mundial.\u00a0<\/p>\n","protected":false},"author":302,"featured_media":61891,"comment_status":"closed","ping_status":"closed","sticky":false,"template":"","format":"standard","meta":{"_acf_changed":false,"rank_math_lock_modified_date":false,"footnotes":""},"categories":[17,2033],"tags":[6820,6032,558,5178],"class_list":{"0":"post-61890","1":"post","2":"type-post","3":"status-publish","4":"format-standard","5":"has-post-thumbnail","7":"category-actualidad","8":"category-sport","9":"tag-fractura-sacro","10":"tag-kona-2019","11":"tag-lesion","12":"tag-lionel-sanders"},"acf":[],"_links":{"self":[{"href":"https:\/\/miurltemporal.com/main/triatletasenred.sport.es\/wp-json\/wp\/v2\/posts\/61890"}],"collection":[{"href":"https:\/\/miurltemporal.com/main/triatletasenred.sport.es\/wp-json\/wp\/v2\/posts"}],"about":[{"href":"https:\/\/miurltemporal.com/main/triatletasenred.sport.es\/wp-json\/wp\/v2\/types\/post"}],"author":[{"embeddable":true,"href":"https:\/\/miurltemporal.com/main/triatletasenred.sport.es\/wp-json\/wp\/v2\/users\/302"}],"replies":[{"embeddable":true,"href":"https:\/\/miurltemporal.com/main/triatletasenred.sport.es\/wp-json\/wp\/v2\/comments?post=61890"}],"version-history":[{"count":0,"href":"https:\/\/miurltemporal.com/main/triatletasenred.sport.es\/wp-json\/wp\/v2\/posts\/61890\/revisions"}],"wp:featuredmedia":[{"embeddable":true,"href":"https:\/\/miurltemporal.com/main/triatletasenred.sport.es\/wp-json\/wp\/v2\/media\/61891"}],"wp:attachment":[{"href":"https:\/\/miurltemporal.com/main/triatletasenred.sport.es\/wp-json\/wp\/v2\/media?parent=61890"}],"wp:term":[{"taxonomy":"category","embeddable":true,"href":"https:\/\/miurltemporal.com/main/triatletasenred.sport.es\/wp-json\/wp\/v2\/categories?post=61890"},{"taxonomy":"post_tag","embeddable":true,"href":"https:\/\/miurltemporal.com/main/triatletasenred.sport.es\/wp-json\/wp\/v2\/tags?post=61890"}],"curies":[{"name":"wp","href":"https:\/\/api.w.org\/{rel}","templated":true}]}}