{"id":61749,"date":"2019-04-08T07:00:31","date_gmt":"2019-04-08T05:00:31","guid":{"rendered":"https:\/\/miurltemporal.com/main/triatletasenred.sport.es\/?p=61749"},"modified":"2019-04-08T00:34:12","modified_gmt":"2019-04-07T22:34:12","slug":"sebastian-kienle-entrena-girona","status":"publish","type":"post","link":"https:\/\/miurltemporal.com/main/triatletasenred.sport.es\/actualidad\/sebastian-kienle-entrena-girona\/","title":{"rendered":"(V\u00cdDEO) As\u00ed entrena Sebastian Kienle en Girona"},"content":{"rendered":"<h3 style=\"text-align: justify;\">El campe\u00f3n del mundo de Ironman en 2014 estuvo entrenando durante una semana en Catalu\u00f1a y comparti\u00f3 una jornada de preparaci\u00f3n con Laura Philipp.<\/h3>\n<p><a href=\"https:\/\/es.inverseshop.com\/\" rel=\"nofollow noopener\" target=\"_blank\"><img fetchpriority=\"high\" decoding=\"async\" class=\"aligncenter size-full wp-image-54866\" src=\"https:\/\/miurltemporal.com/main/triatletasenred.sport.es\/wp-content\/uploads\/BANNER-TRIATLETAS-EN-RED-700X150-1.gif\" alt=\"\" width=\"700\" height=\"150\" \/><\/a><\/p>\n<p style=\"text-align: justify;\">Lo hemos dicho siempre: es muy complicado encontrar lugares mejores que Espa\u00f1a para practicar triatl\u00f3n. Y si no que se lo pregunten a estrellas internacionales como Patrick Lange, Jan Frodeno&#8230; O\u00a0\u00a0<strong>Sebastian Kienle<\/strong>. El alem\u00e1n, que acostumbra a realizar sus pretemporadas en las Islas Canarias, se ha enamorado tanto de nuestro pa\u00eds que a finales de marzo se traslad\u00f3 a <strong>Girona<\/strong> para seguir poni\u00e9ndose a tono para su estreno en 2019. All\u00ed coincidi\u00f3 con su compatriota<strong> Laura Phillipp<\/strong>, ganadora del \u00faltimo Ironman de Barcelona, con la que comparti\u00f3 un d\u00eda entero de entrenamientos, tal y como pod\u00e9is ver en el v\u00eddeo del canal de Youtube de la germana que os dejamos al final del art\u00edculo.<\/p>\n<p style=\"text-align: justify;\">&#8220;No hubo sesi\u00f3n de nataci\u00f3n ni series en pista, pero fue un d\u00eda duro&#8221;, explica Phillip en el propio v\u00eddeo. Y es que tanto ella como el bueno de Kienle ya llevaban en las piernas <strong>14 kms de rodaje<\/strong> cuando se sentaron a desayunar. Despu\u00e9s de cargar energ\u00edas, los dos alemanes, junto a varios compa\u00f1eros de entrenamiento, sacaron a pasear sus &#8220;flacas&#8221; en una intensa<strong> sesi\u00f3n de series cortas en un puerto de la zona de Girona.<\/strong> <strong>Y por la tarde m\u00e1s kil\u00f3metros a pie&#8230;<\/strong><\/p>\n<p style=\"text-align: justify;\">Parece que el de\u00a0M\u00fchlacker <strong>ha dejado atr\u00e1s la lesi\u00f3n en el tal\u00f3n de Aquiles<\/strong> que le priv\u00f3 de llegar a meta en Kona 2018 y ya le vemos al 100% en sus sesiones de atletismo. Adem\u00e1s de esos entrenos junto a Phillipp, Kienle no se quiso perder el placer de entrenar en<a href=\"https:\/\/miurltemporal.com/main/triatletasenred.sport.es\/actualidad\/jan-frodeno-entrena-en-la-pista-de-atletismo-mas-bonita-de-espana\/\"><strong> la preciosa pista de Olot<\/strong><\/a> y se acerc\u00f3 all\u00ed otro d\u00eda para machacarse en un ag\u00f3nico 8&#215;500 a toda velocidad. Cada vez queda menos para verle competir de nuevo: ser\u00e1 en el 70.3 de St. George el pr\u00f3ximo 4 de mayo.<\/p>\n<div class=\"youtube-embed\" data-video_id=\"2FZKiqp_ukI\"><iframe title=\"A Training Day In Girona With Sebastian Kienle | 4K\" width=\"696\" height=\"392\" src=\"https:\/\/www.youtube.com\/embed\/2FZKiqp_ukI?start=341&#038;feature=oembed\" frameborder=\"0\" allow=\"accelerometer; autoplay; clipboard-write; encrypted-media; gyroscope; picture-in-picture; web-share\" allowfullscreen><\/iframe><\/div>\n","protected":false},"excerpt":{"rendered":"<p>El campe\u00f3n del mundo de Ironman en 2014 estuvo entrenando durante una semana en Catalu\u00f1a y comparti\u00f3 una jornada de preparaci\u00f3n con Laura Philipp.<\/p>\n","protected":false},"author":302,"featured_media":61751,"comment_status":"closed","ping_status":"closed","sticky":false,"template":"","format":"standard","meta":{"_acf_changed":false,"rank_math_lock_modified_date":false,"footnotes":""},"categories":[17,2033],"tags":[3758,6785,6509,2248],"class_list":{"0":"post-61749","1":"post","2":"type-post","3":"status-publish","4":"format-standard","5":"has-post-thumbnail","7":"category-actualidad","8":"category-sport","9":"tag-girona","10":"tag-laura-phillipp","11":"tag-olot","12":"tag-sebastian-kienle"},"acf":[],"_links":{"self":[{"href":"https:\/\/miurltemporal.com/main/triatletasenred.sport.es\/wp-json\/wp\/v2\/posts\/61749"}],"collection":[{"href":"https:\/\/miurltemporal.com/main/triatletasenred.sport.es\/wp-json\/wp\/v2\/posts"}],"about":[{"href":"https:\/\/miurltemporal.com/main/triatletasenred.sport.es\/wp-json\/wp\/v2\/types\/post"}],"author":[{"embeddable":true,"href":"https:\/\/miurltemporal.com/main/triatletasenred.sport.es\/wp-json\/wp\/v2\/users\/302"}],"replies":[{"embeddable":true,"href":"https:\/\/miurltemporal.com/main/triatletasenred.sport.es\/wp-json\/wp\/v2\/comments?post=61749"}],"version-history":[{"count":0,"href":"https:\/\/miurltemporal.com/main/triatletasenred.sport.es\/wp-json\/wp\/v2\/posts\/61749\/revisions"}],"wp:featuredmedia":[{"embeddable":true,"href":"https:\/\/miurltemporal.com/main/triatletasenred.sport.es\/wp-json\/wp\/v2\/media\/61751"}],"wp:attachment":[{"href":"https:\/\/miurltemporal.com/main/triatletasenred.sport.es\/wp-json\/wp\/v2\/media?parent=61749"}],"wp:term":[{"taxonomy":"category","embeddable":true,"href":"https:\/\/miurltemporal.com/main/triatletasenred.sport.es\/wp-json\/wp\/v2\/categories?post=61749"},{"taxonomy":"post_tag","embeddable":true,"href":"https:\/\/miurltemporal.com/main/triatletasenred.sport.es\/wp-json\/wp\/v2\/tags?post=61749"}],"curies":[{"name":"wp","href":"https:\/\/api.w.org\/{rel}","templated":true}]}}