{"id":61697,"date":"2019-04-05T06:58:06","date_gmt":"2019-04-05T04:58:06","guid":{"rendered":"https:\/\/miurltemporal.com/main/triatletasenred.sport.es\/?p=61697"},"modified":"2019-04-04T23:40:09","modified_gmt":"2019-04-04T21:40:09","slug":"los-espanoles-favoritos-al-triunfo-en-la-copa-de-europa-de-melilla","status":"publish","type":"post","link":"https:\/\/miurltemporal.com/main/triatletasenred.sport.es\/actualidad\/los-espanoles-favoritos-al-triunfo-en-la-copa-de-europa-de-melilla\/","title":{"rendered":"Los espa\u00f1oles, favoritos al triunfo en la Copa de Europa de Melilla"},"content":{"rendered":"<h3 style=\"text-align: justify;\">Tras el \u00e9xito espa\u00f1ol en la Copa de Europa de Huelva, 40 triatletas nacionales competir\u00e1n el domingo en esta prueba bajo distancia sprint.<\/h3>\n<p><a href=\"https:\/\/www.canyon.com\/es\/triathlon\/?utm_campaign=Aeroad-ES-Apr-2019&amp;utm_medium=display&amp;utm_source=triatletasenred\" rel=\"nofollow noopener\" target=\"_blank\"><img fetchpriority=\"high\" decoding=\"async\" class=\"aligncenter size-full wp-image-61659\" src=\"https:\/\/miurltemporal.com/main/triatletasenred.sport.es\/wp-content\/uploads\/Aeroad_Sram_ES_728x90px-1.gif\" alt=\"\" width=\"728\" height=\"90\" \/><\/a><\/p>\n<p style=\"text-align: justify;\">\u00bfSe repetir\u00e1 lo acontecido en Huelva? El circuito de Copas de Europa de la ETU aterriza de nuevo en Espa\u00f1a este fin de semana. Concretamente en <strong>Melilla<\/strong>, justo dos semanas despu\u00e9s de los podios de <strong>Ignacio Gonz\u00e1lez y Cec\u00edlia Santamar\u00eda<\/strong> en la ciudad onubense, que acogi\u00f3 una jornada espectacular. Ambas joyas del triatl\u00f3n nacional liderar\u00e1n la representaci\u00f3n de la #TriArmada, compuesta por un total de<strong> 40 deportistas\u00a0<\/strong><\/p>\n<p style=\"text-align: justify;\">&#8220;Nacho&#8221; Gonz\u00e1lez parte como favorito al triunfo tras su 2\u00ba puesto en Huelva. Junto a \u00e9l, <strong>Gen\u00eds Grau, Jordi Garc\u00eda, Alberto Gonz\u00e1lez, Kevin Tarek y Antonio Benito<\/strong> est\u00e1n llamados a dominar una competici\u00f3n en la que, a priori, el nivel ser\u00e1 menor que en la Copa de Europa de hace dos semanas. El brit\u00e1nico <strong>Grant Sheldon<\/strong> (25\u00ba en las Series Mundiales en Abu Dhabi) y el ruso <strong>Alexander Bryukhankhov<\/strong> podr\u00edan pon\u00e9rselo dif\u00edcil.<\/p>\n<p style=\"text-align: justify;\">Quien tambi\u00e9n fue plata en Huelva y, por lo tanto, comparte con Gonz\u00e1lez la condici\u00f3n de favorito es Cec\u00edlia Santamar\u00eda. La madrile\u00f1a estar\u00e1 en la l\u00ednea de salida de Melilla junto a otras 12 espa\u00f1olas, entre las que destacan <strong>Camila Alonso y Xisca Tous<\/strong>, tambi\u00e9n candidatas a acabar en puestos de podio. <strong>Margot Garabedian<\/strong> (Francia), <strong>Ilaria Zane<\/strong> (Italia) y <strong>Yuliya Yeslitratova<\/strong> (Ucrania) son, sobre el papel, las extranjeras m\u00e1s a tener en cuenta.<\/p>\n<h3>Horarios y c\u00f3mo seguir el evento<\/h3>\n<p>Prueba femenina: domingo, 18:00 PM.<\/p>\n<p>Prueba masculina: domingo, 19:30 PM.<\/p>\n<a class=\"vc_btn vc_btn-default vc_btn-sm vc_btn_square \" href=\"https:\/\/www.youtube.com\/watch?v=qQWgWcSZE5g\" rel=\"nofollow noopener\" target=\"_blank\">Retransmisi\u00f3n en directo de LaLigaSports<\/a>\n","protected":false},"excerpt":{"rendered":"<p>Tras el \u00e9xito espa\u00f1ol en la Copa de Europa de Huelva, m\u00e1s de 40 triatletas nacionales competir\u00e1n el domingo en esta prueba bajo distancia sprint.\u00a0<\/p>\n","protected":false},"author":302,"featured_media":61698,"comment_status":"closed","ping_status":"closed","sticky":false,"template":"","format":"standard","meta":{"_acf_changed":false,"rank_math_lock_modified_date":false,"footnotes":""},"categories":[17,2033],"tags":[4539,6774,2217,4510],"class_list":{"0":"post-61697","1":"post","2":"type-post","3":"status-publish","4":"format-standard","5":"has-post-thumbnail","7":"category-actualidad","8":"category-sport","9":"tag-cecilia-santamaria","10":"tag-copa-de-europa-de-melilla","11":"tag-etu","12":"tag-ignacio-gonzalez"},"acf":[],"_links":{"self":[{"href":"https:\/\/miurltemporal.com/main/triatletasenred.sport.es\/wp-json\/wp\/v2\/posts\/61697"}],"collection":[{"href":"https:\/\/miurltemporal.com/main/triatletasenred.sport.es\/wp-json\/wp\/v2\/posts"}],"about":[{"href":"https:\/\/miurltemporal.com/main/triatletasenred.sport.es\/wp-json\/wp\/v2\/types\/post"}],"author":[{"embeddable":true,"href":"https:\/\/miurltemporal.com/main/triatletasenred.sport.es\/wp-json\/wp\/v2\/users\/302"}],"replies":[{"embeddable":true,"href":"https:\/\/miurltemporal.com/main/triatletasenred.sport.es\/wp-json\/wp\/v2\/comments?post=61697"}],"version-history":[{"count":0,"href":"https:\/\/miurltemporal.com/main/triatletasenred.sport.es\/wp-json\/wp\/v2\/posts\/61697\/revisions"}],"wp:featuredmedia":[{"embeddable":true,"href":"https:\/\/miurltemporal.com/main/triatletasenred.sport.es\/wp-json\/wp\/v2\/media\/61698"}],"wp:attachment":[{"href":"https:\/\/miurltemporal.com/main/triatletasenred.sport.es\/wp-json\/wp\/v2\/media?parent=61697"}],"wp:term":[{"taxonomy":"category","embeddable":true,"href":"https:\/\/miurltemporal.com/main/triatletasenred.sport.es\/wp-json\/wp\/v2\/categories?post=61697"},{"taxonomy":"post_tag","embeddable":true,"href":"https:\/\/miurltemporal.com/main/triatletasenred.sport.es\/wp-json\/wp\/v2\/tags?post=61697"}],"curies":[{"name":"wp","href":"https:\/\/api.w.org\/{rel}","templated":true}]}}