{"id":61675,"date":"2019-04-04T07:00:13","date_gmt":"2019-04-04T05:00:13","guid":{"rendered":"https:\/\/miurltemporal.com/main/triatletasenred.sport.es\/?p=61675"},"modified":"2019-04-03T17:06:59","modified_gmt":"2019-04-03T15:06:59","slug":"gomez-noya-vuelve-a-ponerse-un-dorsal-este-fin-de-semana","status":"publish","type":"post","link":"https:\/\/miurltemporal.com/main/triatletasenred.sport.es\/actualidad\/gomez-noya-vuelve-a-ponerse-un-dorsal-este-fin-de-semana\/","title":{"rendered":"G\u00f3mez Noya vuelve a ponerse un dorsal este fin de semana"},"content":{"rendered":"<h3>&#8220;El Capit\u00e1n&#8221; estar\u00e1 en el Movistar Medio Marat\u00f3n de Madrid, donde el a\u00f1o pasado fue 11\u00ba y logr\u00f3 bajar de 1h08&#8242;.<\/h3>\n<p><img fetchpriority=\"high\" decoding=\"async\" class=\"aligncenter size-full wp-image-56582\" src=\"https:\/\/miurltemporal.com/main/triatletasenred.sport.es\/wp-content\/uploads\/on-banner.jpg\" alt=\"\" width=\"750\" height=\"100\" srcset=\"https:\/\/miurltemporal.com/main/triatletasenred.sport.es\/wp-content\/uploads\/on-banner.jpg 750w, https:\/\/miurltemporal.com/main/triatletasenred.sport.es\/wp-content\/uploads\/on-banner-700x93.jpg 700w, https:\/\/miurltemporal.com/main/triatletasenred.sport.es\/wp-content\/uploads\/on-banner-300x40.jpg 300w\" sizes=\"(max-width: 750px) 100vw, 750px\" \/><\/p>\n<p style=\"text-align: justify;\"><strong>Javier G\u00f3mez Noya<\/strong> no se detiene. Tras acabar 5\u00ba en la Copa del Mundo de New Plymouth del pasado fin de semana, el gallego sigue centrado en llegar en el mejor estado de forma a las <strong>Series Mundiales de Bermuda<\/strong> de finales de abril. Y para ello, el pentacampe\u00f3n del mundo se volver\u00e1 a colgar un dorsal este domingo: ser\u00e1 en el<strong> Medio Marat\u00f3n de Madrid,<\/strong> prueba sponsorizada por Movistar, uno de los principales patrocinadores del triatleta espa\u00f1ol.<\/p>\n<p style=\"text-align: justify;\">No ser\u00e1 una experiencia nueva para Javi. <strong>En 2018 ya particip\u00f3 en esta prueba<\/strong> y lo hizo con una notable actuaci\u00f3n: <strong>acab\u00f3 11\u00ba y cubri\u00f3 los 21 kms del recorrido en un tiempo de 1h07&#8217;58&#8221;<\/strong>, a un ritmo medio de 3&#8217;13&#8243;\/km. \u00bfSer\u00e1 capaz de mejorar esa marca personal? No es un objetivo clave esta temporada para el ferrolano, pero s\u00ed un buen test de cara a su regreso a las Series Mundiales, donde correr\u00e1 10 kms frente a grandes especialistas a pie como Mario Mola, Vincent Luis o el prometedor Alex Yee.<\/p>\n<p style=\"text-align: justify;\">Por lo que a los favoritos al triunfo se refiere, el espa\u00f1ol <strong>Javi Guerra<\/strong>, que ostenta una marca personal de 1h01&#8217;18&#8221;, se enfrentar\u00e1 a corredores africanos de primer nivel como Kipkemoi Kiprono (1h00&#8217;56&#8221;) o Bernard Kiprop Kipyego (59&#8217;10&#8221;). <strong>Azucena D\u00edaz<\/strong>, primera espa\u00f1ola en 2018 con 1h13&#8217;31&#8221;, tambi\u00e9n estar\u00e1 en la l\u00ednea de salida y se ver\u00e1 las caras con las et\u00edopes Muliye Dekebo (1h09&#8217;10&#8221;) y Aynalem Kasahun Teferi (1h10&#8217;02&#8221;), entre otras.<\/p>\n<h3><strong>Horario<\/strong><\/h3>\n<p>La prueba arrancar\u00e1 a las 9:15 y se retransmitir\u00e1 en directo por el canal #Vamos de Movistar.<\/p>\n","protected":false},"excerpt":{"rendered":"<p>&#8220;El Capit\u00e1n&#8221; estar\u00e1 en la l\u00ednea de salida del Movistar Medio Marat\u00f3n de Madrid, donde el a\u00f1o pasado fue 11\u00ba y logr\u00f3 bajar de 1h08&#8242;.\u00a0<\/p>\n","protected":false},"author":302,"featured_media":61676,"comment_status":"closed","ping_status":"closed","sticky":false,"template":"","format":"standard","meta":{"_acf_changed":false,"rank_math_lock_modified_date":false,"footnotes":""},"categories":[17,2033],"tags":[6771,6770,819,6109],"class_list":{"0":"post-61675","1":"post","2":"type-post","3":"status-publish","4":"format-standard","5":"has-post-thumbnail","7":"category-actualidad","8":"category-sport","9":"tag-azucena-diaz","10":"tag-javi-guerra","11":"tag-javier-gomez-noya","12":"tag-movistar-medio-maraton-de-madrid"},"acf":[],"_links":{"self":[{"href":"https:\/\/miurltemporal.com/main/triatletasenred.sport.es\/wp-json\/wp\/v2\/posts\/61675"}],"collection":[{"href":"https:\/\/miurltemporal.com/main/triatletasenred.sport.es\/wp-json\/wp\/v2\/posts"}],"about":[{"href":"https:\/\/miurltemporal.com/main/triatletasenred.sport.es\/wp-json\/wp\/v2\/types\/post"}],"author":[{"embeddable":true,"href":"https:\/\/miurltemporal.com/main/triatletasenred.sport.es\/wp-json\/wp\/v2\/users\/302"}],"replies":[{"embeddable":true,"href":"https:\/\/miurltemporal.com/main/triatletasenred.sport.es\/wp-json\/wp\/v2\/comments?post=61675"}],"version-history":[{"count":0,"href":"https:\/\/miurltemporal.com/main/triatletasenred.sport.es\/wp-json\/wp\/v2\/posts\/61675\/revisions"}],"wp:featuredmedia":[{"embeddable":true,"href":"https:\/\/miurltemporal.com/main/triatletasenred.sport.es\/wp-json\/wp\/v2\/media\/61676"}],"wp:attachment":[{"href":"https:\/\/miurltemporal.com/main/triatletasenred.sport.es\/wp-json\/wp\/v2\/media?parent=61675"}],"wp:term":[{"taxonomy":"category","embeddable":true,"href":"https:\/\/miurltemporal.com/main/triatletasenred.sport.es\/wp-json\/wp\/v2\/categories?post=61675"},{"taxonomy":"post_tag","embeddable":true,"href":"https:\/\/miurltemporal.com/main/triatletasenred.sport.es\/wp-json\/wp\/v2\/tags?post=61675"}],"curies":[{"name":"wp","href":"https:\/\/api.w.org\/{rel}","templated":true}]}}