{"id":61647,"date":"2019-04-01T06:00:33","date_gmt":"2019-04-01T04:00:33","guid":{"rendered":"https:\/\/miurltemporal.com/main/triatletasenred.sport.es\/?p=61647"},"modified":"2019-04-01T19:31:09","modified_gmt":"2019-04-01T17:31:09","slug":"ivet-farriols-y-santiago-martinez-campeones-del-triatlo-terres-de-lebre","status":"publish","type":"post","link":"https:\/\/miurltemporal.com/main/triatletasenred.sport.es\/actualidad\/ivet-farriols-y-santiago-martinez-campeones-del-triatlo-terres-de-lebre\/","title":{"rendered":"Ivet Farriols y Santiago Mart\u00ednez, campeones del Triatl\u00f3 Terres de l&#8217;Ebre"},"content":{"rendered":"<h3 style=\"text-align: justify;\">La prueba estren\u00f3 la temporada 2019 de triatl\u00f3n en Catalu\u00f1a con victorias para la catalana y el valenciano.<\/h3>\n<p><a href=\"https:\/\/zone3.es\/\" rel=\"nofollow noopener\" target=\"_blank\"><img fetchpriority=\"high\" decoding=\"async\" class=\"aligncenter size-full wp-image-58904\" src=\"https:\/\/miurltemporal.com/main/triatletasenred.sport.es\/wp-content\/uploads\/zone3-nuevo-1.gif\" alt=\"\" width=\"746\" height=\"149\" \/><\/a><\/p>\n<p style=\"text-align: justify;\">\u00a1Qu\u00e9 ganas ten\u00edamos de triatl\u00f3n! Tras muchos meses de espera, la temporada 2019 se estren\u00f3 ayer en Catalu\u00f1a con el siempre espectacular <strong>Triatl\u00f3 Doble Ol\u00edmpic Terres de l&#8217;Ebre<\/strong>. Durante las horas previas a la carrera, los 200 participantes estuvieron muy pendientes del tiempo, que se presentaba como un inconveniente importante para el devenir de la competici\u00f3n. A\u00fan y as\u00ed, la prueba se celebr\u00f3 sin problemas y nos dej\u00f3 con una m\u00e1s que interesante batalla por las medallas en ambas categor\u00edas.<\/p>\n<p style=\"text-align: justify;\"><strong>Ivet Farriols<\/strong> repiti\u00f3 victoria en f\u00e9minas. La del T3 Team domin\u00f3 la carrera desde los primeros metros de nataci\u00f3n, aument\u00f3 su renta en bicicleta. A pesar del buen papel a pie de <strong>Merc\u00e9 Tussell<\/strong>, Farriols gan\u00f3 con un tiempo de 4h50&#8217;54&#8221;. Farriols fue 2\u00aa con 4h59&#8217;29&#8221; y el podio lo complet\u00f3 <strong>Cristina Prat<\/strong> con 5h00&#8217;23&#8221;.<\/p>\n<p style=\"text-align: justify;\">Por su parte, el valenciano<strong> Santiago Mart\u00ednez<\/strong> no dio opci\u00f3n en categor\u00eda masculina. A pesar de nadar lejos de la cabeza, Mart\u00ednez vol\u00f3 sobre ruedas (cubri\u00f3 los 80 kms en 2h06&#8242;) y sell\u00f3 el triunfo con un registro final de 4h15&#8217;27&#8221;. La plata fue para <strong>Guillem Rojas<\/strong> (4h22&#8217;38&#8221;) y el bronce para <strong>Xavier Torrades<\/strong> 4h27&#8217;38&#8221;).<\/p>\n","protected":false},"excerpt":{"rendered":"<p>La prueba estren\u00f3 la temporada 2019 de triatl\u00f3n en Catalu\u00f1a con victorias para la catalana y el valenciano.\u00a0<\/p>\n","protected":false},"author":302,"featured_media":61648,"comment_status":"closed","ping_status":"closed","sticky":false,"template":"","format":"standard","meta":{"_acf_changed":false,"rank_math_lock_modified_date":false,"footnotes":""},"categories":[17],"tags":[924,6760,3767],"class_list":{"0":"post-61647","1":"post","2":"type-post","3":"status-publish","4":"format-standard","5":"has-post-thumbnail","7":"category-actualidad","8":"tag-ivet-farriols","9":"tag-santiago-martinez","10":"tag-triatlo-terres-de-lebre"},"acf":[],"_links":{"self":[{"href":"https:\/\/miurltemporal.com/main/triatletasenred.sport.es\/wp-json\/wp\/v2\/posts\/61647"}],"collection":[{"href":"https:\/\/miurltemporal.com/main/triatletasenred.sport.es\/wp-json\/wp\/v2\/posts"}],"about":[{"href":"https:\/\/miurltemporal.com/main/triatletasenred.sport.es\/wp-json\/wp\/v2\/types\/post"}],"author":[{"embeddable":true,"href":"https:\/\/miurltemporal.com/main/triatletasenred.sport.es\/wp-json\/wp\/v2\/users\/302"}],"replies":[{"embeddable":true,"href":"https:\/\/miurltemporal.com/main/triatletasenred.sport.es\/wp-json\/wp\/v2\/comments?post=61647"}],"version-history":[{"count":0,"href":"https:\/\/miurltemporal.com/main/triatletasenred.sport.es\/wp-json\/wp\/v2\/posts\/61647\/revisions"}],"wp:featuredmedia":[{"embeddable":true,"href":"https:\/\/miurltemporal.com/main/triatletasenred.sport.es\/wp-json\/wp\/v2\/media\/61648"}],"wp:attachment":[{"href":"https:\/\/miurltemporal.com/main/triatletasenred.sport.es\/wp-json\/wp\/v2\/media?parent=61647"}],"wp:term":[{"taxonomy":"category","embeddable":true,"href":"https:\/\/miurltemporal.com/main/triatletasenred.sport.es\/wp-json\/wp\/v2\/categories?post=61647"},{"taxonomy":"post_tag","embeddable":true,"href":"https:\/\/miurltemporal.com/main/triatletasenred.sport.es\/wp-json\/wp\/v2\/tags?post=61647"}],"curies":[{"name":"wp","href":"https:\/\/api.w.org\/{rel}","templated":true}]}}