{"id":61519,"date":"2019-03-25T16:38:20","date_gmt":"2019-03-25T14:38:20","guid":{"rendered":"https:\/\/miurltemporal.com/main/triatletasenred.sport.es\/?p=61519"},"modified":"2019-03-25T16:38:20","modified_gmt":"2019-03-25T14:38:20","slug":"video-recordamos-la-mejor-victoria-de-gomez-noya-en-su-36o-aniversario","status":"publish","type":"post","link":"https:\/\/miurltemporal.com/main/triatletasenred.sport.es\/actualidad\/video-recordamos-la-mejor-victoria-de-gomez-noya-en-su-36o-aniversario\/","title":{"rendered":"(V\u00cdDEO) Recordamos la mejor victoria de G\u00f3mez Noya en su 36\u00ba aniversario"},"content":{"rendered":"<h3>&#8220;El Capit\u00e1n&#8221; cumple 36 a\u00f1os y nosotros hemos querido homenajearle rememorando uno de los grandes d\u00edas de su carrera deportiva.<\/h3>\n<p><img fetchpriority=\"high\" decoding=\"async\" class=\"aligncenter size-full wp-image-56582\" src=\"https:\/\/miurltemporal.com/main/triatletasenred.sport.es\/wp-content\/uploads\/on-banner.jpg\" alt=\"\" width=\"750\" height=\"100\" srcset=\"https:\/\/miurltemporal.com/main/triatletasenred.sport.es\/wp-content\/uploads\/on-banner.jpg 750w, https:\/\/miurltemporal.com/main/triatletasenred.sport.es\/wp-content\/uploads\/on-banner-700x93.jpg 700w, https:\/\/miurltemporal.com/main/triatletasenred.sport.es\/wp-content\/uploads\/on-banner-300x40.jpg 300w\" sizes=\"(max-width: 750px) 100vw, 750px\" \/><\/p>\n<p style=\"text-align: justify;\">Ha ganado <strong>5 veces el campeonato del mundo<\/strong> de triatl\u00f3n, se ha proclamado <strong>campe\u00f3n de Europa en 4 ocasiones<\/strong> y logr\u00f3 la <strong>plata en los Juegos Ol\u00edmpicos de Londres 2012.<\/strong> Por todo ello, y por el espect\u00e1culo que a a\u00fan est\u00e1 por dar, Javier G\u00f3mez Noya es inigualable. Hoy, 25 de marzo de 2019, celebramos que cumple 36 a\u00f1os\u00a0a la espera de verle de nuevo en acci\u00f3n este domingo en la <strong>Copa del Mundo de New Plymouth (Nueva Zelanda).\u00a0<\/strong><\/p>\n<p style=\"text-align: justify;\">Para ir abriendo boca, os dejamos con uno de los triunfos m\u00e1s espectaculares de su carrera. Y es que, \u00bfqui\u00e9n no recuerda su fant\u00e1stica victoria frente a Jonathan Brownlee en la final del <strong>Mundial de 2013?<\/strong><\/p>\n<div class=\"youtube-embed\" data-video_id=\"jm04y-F5UXM\"><iframe title=\"Crazy sprint finish between Javier Gomez &amp; Jonathan Brownlee\" width=\"696\" height=\"392\" src=\"https:\/\/www.youtube.com\/embed\/jm04y-F5UXM?start=190&#038;feature=oembed\" frameborder=\"0\" allow=\"accelerometer; autoplay; clipboard-write; encrypted-media; gyroscope; picture-in-picture; web-share\" allowfullscreen><\/iframe><\/div>\n","protected":false},"excerpt":{"rendered":"<p>&#8220;El Capit\u00e1n&#8221; cumple 36 a\u00f1os y nosotros hemos querido homenajearle rememorando uno de los grandes d\u00edas de su carrera deportiva.\u00a0<\/p>\n","protected":false},"author":302,"featured_media":61521,"comment_status":"closed","ping_status":"closed","sticky":false,"template":"","format":"standard","meta":{"_acf_changed":false,"rank_math_lock_modified_date":false,"footnotes":""},"categories":[17,2033],"tags":[819,2426,980],"class_list":{"0":"post-61519","1":"post","2":"type-post","3":"status-publish","4":"format-standard","5":"has-post-thumbnail","7":"category-actualidad","8":"category-sport","10":"tag-jonathan-brownlee","11":"tag-sprint"},"acf":[],"_links":{"self":[{"href":"https:\/\/miurltemporal.com/main/triatletasenred.sport.es\/wp-json\/wp\/v2\/posts\/61519"}],"collection":[{"href":"https:\/\/miurltemporal.com/main/triatletasenred.sport.es\/wp-json\/wp\/v2\/posts"}],"about":[{"href":"https:\/\/miurltemporal.com/main/triatletasenred.sport.es\/wp-json\/wp\/v2\/types\/post"}],"author":[{"embeddable":true,"href":"https:\/\/miurltemporal.com/main/triatletasenred.sport.es\/wp-json\/wp\/v2\/users\/302"}],"replies":[{"embeddable":true,"href":"https:\/\/miurltemporal.com/main/triatletasenred.sport.es\/wp-json\/wp\/v2\/comments?post=61519"}],"version-history":[{"count":0,"href":"https:\/\/miurltemporal.com/main/triatletasenred.sport.es\/wp-json\/wp\/v2\/posts\/61519\/revisions"}],"wp:featuredmedia":[{"embeddable":true,"href":"https:\/\/miurltemporal.com/main/triatletasenred.sport.es\/wp-json\/wp\/v2\/media\/61521"}],"wp:attachment":[{"href":"https:\/\/miurltemporal.com/main/triatletasenred.sport.es\/wp-json\/wp\/v2\/media?parent=61519"}],"wp:term":[{"taxonomy":"category","embeddable":true,"href":"https:\/\/miurltemporal.com/main/triatletasenred.sport.es\/wp-json\/wp\/v2\/categories?post=61519"},{"taxonomy":"post_tag","embeddable":true,"href":"https:\/\/miurltemporal.com/main/triatletasenred.sport.es\/wp-json\/wp\/v2\/tags?post=61519"}],"curies":[{"name":"wp","href":"https:\/\/api.w.org\/{rel}","templated":true}]}}