{"id":61477,"date":"2019-03-21T06:48:43","date_gmt":"2019-03-21T04:48:43","guid":{"rendered":"https:\/\/miurltemporal.com/main/triatletasenred.sport.es\/?p=61477"},"modified":"2019-03-21T17:21:26","modified_gmt":"2019-03-21T15:21:26","slug":"el-open-water-world-tour-2019-llega-repleto-de-novedades","status":"publish","type":"post","link":"https:\/\/miurltemporal.com/main/triatletasenred.sport.es\/actualidad\/el-open-water-world-tour-2019-llega-repleto-de-novedades\/","title":{"rendered":"El Open Water World Tour 2019 llega repleto de novedades"},"content":{"rendered":"<h3 style=\"text-align: justify;\">La segunda edici\u00f3n de este circuito de pruebas de nataci\u00f3n en aguas abiertas suma nuevas carreras esta temporada.<\/h3>\n<p><a href=\"https:\/\/zone3.es\/\" rel=\"nofollow noopener\" target=\"_blank\"><img fetchpriority=\"high\" decoding=\"async\" class=\"aligncenter size-full wp-image-58904\" src=\"https:\/\/miurltemporal.com/main/triatletasenred.sport.es\/wp-content\/uploads\/zone3-nuevo-1.gif\" alt=\"\" width=\"746\" height=\"149\" \/><\/a><\/p>\n<p style=\"text-align: justify;\">La <strong>segunda edici\u00f3n del Open Water World Tour<\/strong> est\u00e1 ya en marcha. Para este 2019 destaca la incorporaci\u00f3n de <strong>nuevas pruebas a este circuito global con su propia clasificaci\u00f3n<\/strong>. Los nadadores obtienen puntos en cada uno de los eventos en los que tomen parte, pero tambi\u00e9n podr\u00e1n sumar puntos valios\u00edsimos realizando traves\u00edas reguladas.<\/p>\n<div>\n<div style=\"text-align: justify;\">Una de las principales novedades de este 2019 es que OWWT salta al continente africano, donde tendr\u00e1 lugar la etapa inaugural del Tour. El evento elegido ha sido la <strong>Jendamark Bellbuoy Challenge<\/strong>, uno de los eventos m\u00e1s prestigiosos de \u00c1frica, donde los nadadores nadar\u00e1n en la Bah\u00eda Nelson Mandela, en Port Elisabeth, el 13 de abril.<\/div>\n<div><\/div>\n<div style=\"text-align: justify;\">Despu\u00e9s de eso el Tour se trasladar\u00e1 a Am\u00e9rica. El organizador estadounidense ser\u00e1 el mismo que el de 2018, Odyssey OWS, pero con un nuevo evento, el <strong>Berkley Swim Race<\/strong>, el 8 de junio.<br \/>\nLuego Italia, el 16 de junio, con el<strong> Italian Open Water Tour<\/strong>. El IOWT tendr\u00e1 3 eventos, pero todos ellos contar\u00e1n como uno para la clasificaci\u00f3n final de OWWT.<br \/>\nA finales de junio, el 30, ser\u00e1 el turno para el escenario asi\u00e1tico, en Kazahstan, con la <strong>Swim Race by Almaty Marathon.<\/strong> Un evento en un espectacular beach resort que har\u00e1 que valga la pena viajar hasta all\u00ed.<br \/>\nEl primer fin de semana de julio, el OWWT regresar\u00e1 a Europa con un nuevo evento para el Tour, la cl\u00e1sica <strong>Horten Moss<\/strong> en Noruega. Una incre\u00edble traves\u00eda de 10 km en una ubicaci\u00f3n excepcional que har\u00e1 las delic\u00edas de tod@s los nadadores.<br \/>\nEn agosto, del 8 al 11 tendr\u00e1 lugar un evento de nueva creaci\u00f3n, organizado por el propio Staff del OWWT. Una carrera de nataci\u00f3n de 4 etapas por e litoral Mediterraneo, la <strong>Open Water Costa Daurada.<\/strong><br \/>\nEn septiembre, 7 y 8, el protagonista ser\u00e1 la <strong>Woerthesee Swim<\/strong>, en Klagenfurt, Austria, con una traves\u00eda \u00fanica con el los incre\u00efbles Alpes como espectadores.<br \/>\nY como en la anterior edici\u00f3n, la <strong>Spetses Mini Marathon,<\/strong> en Grecia, del 4 al 6 de octubre ser\u00e1 el evento final de la OWWT 2019 que proclamar\u00e1 los vencedores de esta edici\u00f3n.<\/p>\n<p>El Project Manager, <strong>Oscar Rubio<\/strong>, ha compartido con nosotros su gratitud con todos los organizadores del OWWT y est\u00e1 convencido de que esta 2\u00aa edici\u00f3n consolidar\u00e1 el proyecto y el intercambio de participaci\u00f3n de nadadores aumentar\u00e1 considerablemente entre los eventos del Tour, uno de los principales Objetivos del personal de OWWT.<\/div>\n<\/div>\n","protected":false},"excerpt":{"rendered":"<p>La segunda edici\u00f3n de este circuito de pruebas de nataci\u00f3n en aguas abiertas suma nuevas carreras esta temporada.\u00a0<\/p>\n","protected":false},"author":6,"featured_media":61478,"comment_status":"closed","ping_status":"closed","sticky":false,"template":"","format":"standard","meta":{"_acf_changed":false,"rank_math_lock_modified_date":false,"footnotes":""},"categories":[17,19,2033,1193],"tags":[5937],"class_list":{"0":"post-61477","1":"post","2":"type-post","3":"status-publish","4":"format-standard","5":"has-post-thumbnail","7":"category-actualidad","8":"category-competiciones","9":"category-sport","10":"category-travesias-mar-abierto","11":"tag-open-water-world-tour"},"acf":[],"_links":{"self":[{"href":"https:\/\/miurltemporal.com/main/triatletasenred.sport.es\/wp-json\/wp\/v2\/posts\/61477"}],"collection":[{"href":"https:\/\/miurltemporal.com/main/triatletasenred.sport.es\/wp-json\/wp\/v2\/posts"}],"about":[{"href":"https:\/\/miurltemporal.com/main/triatletasenred.sport.es\/wp-json\/wp\/v2\/types\/post"}],"author":[{"embeddable":true,"href":"https:\/\/miurltemporal.com/main/triatletasenred.sport.es\/wp-json\/wp\/v2\/users\/6"}],"replies":[{"embeddable":true,"href":"https:\/\/miurltemporal.com/main/triatletasenred.sport.es\/wp-json\/wp\/v2\/comments?post=61477"}],"version-history":[{"count":0,"href":"https:\/\/miurltemporal.com/main/triatletasenred.sport.es\/wp-json\/wp\/v2\/posts\/61477\/revisions"}],"wp:featuredmedia":[{"embeddable":true,"href":"https:\/\/miurltemporal.com/main/triatletasenred.sport.es\/wp-json\/wp\/v2\/media\/61478"}],"wp:attachment":[{"href":"https:\/\/miurltemporal.com/main/triatletasenred.sport.es\/wp-json\/wp\/v2\/media?parent=61477"}],"wp:term":[{"taxonomy":"category","embeddable":true,"href":"https:\/\/miurltemporal.com/main/triatletasenred.sport.es\/wp-json\/wp\/v2\/categories?post=61477"},{"taxonomy":"post_tag","embeddable":true,"href":"https:\/\/miurltemporal.com/main/triatletasenred.sport.es\/wp-json\/wp\/v2\/tags?post=61477"}],"curies":[{"name":"wp","href":"https:\/\/api.w.org\/{rel}","templated":true}]}}