{"id":61333,"date":"2019-03-12T06:57:35","date_gmt":"2019-03-12T04:57:35","guid":{"rendered":"https:\/\/miurltemporal.com/main/triatletasenred.sport.es\/?p=61333"},"modified":"2019-03-12T01:10:40","modified_gmt":"2019-03-11T23:10:40","slug":"llega-el-mes-grande-de-maraton-vias-verdes","status":"publish","type":"post","link":"https:\/\/miurltemporal.com/main/triatletasenred.sport.es\/actualidad\/llega-el-mes-grande-de-maraton-vias-verdes\/","title":{"rendered":"Llega el mes grande de Marat\u00f3n V\u00edas Verdes"},"content":{"rendered":"<h3 style=\"text-align: justify;\"><strong>El mes de marzo es especial para una de las mejores sagas de carreras populares del pa\u00eds. Marat\u00f3n V\u00edas Verdes vivir\u00e1 una fiesta doble.<\/strong><\/h3>\n<p><a href=\"https:\/\/www.skechers.com\/es-es\/search?t=GOrun+ride+7\" rel=\"nofollow noopener\" target=\"_blank\"><img fetchpriority=\"high\" decoding=\"async\" class=\"aligncenter size-full wp-image-58098\" src=\"https:\/\/miurltemporal.com/main/triatletasenred.sport.es\/wp-content\/uploads\/RIDE-7.jpg\" alt=\"\" width=\"750\" height=\"100\" srcset=\"https:\/\/miurltemporal.com/main/triatletasenred.sport.es\/wp-content\/uploads\/RIDE-7.jpg 750w, https:\/\/miurltemporal.com/main/triatletasenred.sport.es\/wp-content\/uploads\/RIDE-7-700x93.jpg 700w, https:\/\/miurltemporal.com/main/triatletasenred.sport.es\/wp-content\/uploads\/RIDE-7-300x40.jpg 300w, https:\/\/miurltemporal.com/main/triatletasenred.sport.es\/wp-content\/uploads\/RIDE-7-640x85.jpg 640w\" sizes=\"(max-width: 750px) 100vw, 750px\" \/><\/a><\/p>\n<p style=\"text-align: justify;\">Marzo es el mes que marca el final del invierno, el final de los entrenos sufriendo por el frio y el final de las pruebas atl\u00e9ticas con car\u00e1cter indoor. A partir de este mes suelen empezar las grandes pruebas deportivas populares del pa\u00eds que se realizan en el exterior, triatlones, maratones, marchas cicloturistas, carreras de OCR\u2026<\/p>\n<p style=\"text-align: justify;\">El pistoletazo de salida lo marcan a lo grande dos de las cuatro pruebas que componen el <a href=\"https:\/\/www.maratonviasverdes.com\/\" rel=\"nofollow noopener\" target=\"_blank\">Marat\u00f3n V\u00edas Verdes<\/a>, se trata de las que se disputan en <strong>Madrid y Castell\u00f3n.<\/strong><\/p>\n<p style=\"text-align: justify;\">El Marat\u00f3n V\u00edas Verdes arranc\u00f3 el pasado d\u00eda 17 del mes anterior en Girona (fue todo un \u00e9xito con m\u00e1s 1500 participantes), pero el grueso de estas pruebas viene los pr\u00f3ximos d\u00edas <strong>24 en Madrid con cuatro distancias: 10k, Medio Marat\u00f3n, 30k y Marat\u00f3n; y el 31 en Castell\u00f3n con tres distancias: 10k, Medio Marat\u00f3n y Marat\u00f3n.<\/strong><\/p>\n<p style=\"text-align: justify;\">Estas competiciones son ideales para todos aquellos triatletas que queremos meterle algo de rodaje a la carrera a pie justo antes de empezar el grueso de nuestra temporada. Adem\u00e1s, suelen tener peque\u00f1os desniveles de esos que son rompe-piernas y <strong>ayudan a nuestra preparaci\u00f3n de una manera incalculable.<\/strong><\/p>\n<p style=\"text-align: justify;\">En la temporada de los triatletas que componemos el equipo de Triatletas en Red, el Marat\u00f3n V\u00edas Verdes es un \u201cmust\u201d. A parte de por todo lo expuesto anteriormente, tambi\u00e9n lo son por los parajes que nos permiten disfrutar a golpe de zapatilla.<\/p>\n<p>Si a\u00fan est\u00e1is pensando en inscribiros, pod\u00e9is comprobar si quedan dorsales libres en la <a href=\"https:\/\/www.maratonviasverdes.com\/\" rel=\"nofollow noopener\" target=\"_blank\">web de la organizaci\u00f3n.<\/a><\/p>\n<p>\u00a1Nos vemos en Madrid y Castell\u00f3n!<\/p>\n","protected":false},"excerpt":{"rendered":"<p>El mes de marzo es especial para una de las mejores sagas de carreras populares del pa\u00eds. Marat\u00f3n V\u00edas Verdes vivir\u00e1 una fiesta doble.<\/p>\n","protected":false},"author":288,"featured_media":61334,"comment_status":"closed","ping_status":"closed","sticky":false,"template":"","format":"standard","meta":{"_acf_changed":false,"rank_math_lock_modified_date":false,"footnotes":""},"categories":[17,19,1192],"tags":[6666],"class_list":{"0":"post-61333","1":"post","2":"type-post","3":"status-publish","4":"format-standard","5":"has-post-thumbnail","7":"category-actualidad","8":"category-competiciones","9":"category-running","10":"tag-maraton-vias-verdes"},"acf":[],"_links":{"self":[{"href":"https:\/\/miurltemporal.com/main/triatletasenred.sport.es\/wp-json\/wp\/v2\/posts\/61333"}],"collection":[{"href":"https:\/\/miurltemporal.com/main/triatletasenred.sport.es\/wp-json\/wp\/v2\/posts"}],"about":[{"href":"https:\/\/miurltemporal.com/main/triatletasenred.sport.es\/wp-json\/wp\/v2\/types\/post"}],"author":[{"embeddable":true,"href":"https:\/\/miurltemporal.com/main/triatletasenred.sport.es\/wp-json\/wp\/v2\/users\/288"}],"replies":[{"embeddable":true,"href":"https:\/\/miurltemporal.com/main/triatletasenred.sport.es\/wp-json\/wp\/v2\/comments?post=61333"}],"version-history":[{"count":0,"href":"https:\/\/miurltemporal.com/main/triatletasenred.sport.es\/wp-json\/wp\/v2\/posts\/61333\/revisions"}],"wp:featuredmedia":[{"embeddable":true,"href":"https:\/\/miurltemporal.com/main/triatletasenred.sport.es\/wp-json\/wp\/v2\/media\/61334"}],"wp:attachment":[{"href":"https:\/\/miurltemporal.com/main/triatletasenred.sport.es\/wp-json\/wp\/v2\/media?parent=61333"}],"wp:term":[{"taxonomy":"category","embeddable":true,"href":"https:\/\/miurltemporal.com/main/triatletasenred.sport.es\/wp-json\/wp\/v2\/categories?post=61333"},{"taxonomy":"post_tag","embeddable":true,"href":"https:\/\/miurltemporal.com/main/triatletasenred.sport.es\/wp-json\/wp\/v2\/tags?post=61333"}],"curies":[{"name":"wp","href":"https:\/\/api.w.org\/{rel}","templated":true}]}}