{"id":61274,"date":"2019-03-04T17:27:11","date_gmt":"2019-03-04T15:27:11","guid":{"rendered":"https:\/\/miurltemporal.com/main/triatletasenred.sport.es\/?p=61274"},"modified":"2019-03-08T01:38:33","modified_gmt":"2019-03-07T23:38:33","slug":"grazalema-bike-challenge-nace-una-nueva-y-espectacular-marcha-cicloturista","status":"publish","type":"post","link":"https:\/\/miurltemporal.com/main/triatletasenred.sport.es\/actualidad\/grazalema-bike-challenge-nace-una-nueva-y-espectacular-marcha-cicloturista\/","title":{"rendered":"Grazalema Bike Challenge: nace una nueva y espectacular marcha cicloturista"},"content":{"rendered":"<h3 style=\"text-align: justify;\">La prueba ciclodeportiva, que se celebrar\u00e1 el 23 de junio, ha abierto inscripciones para su edici\u00f3n inaugural.<\/h3>\n<p><a href=\"https:\/\/www.canyon.com\/en-es\/triathlon\/?utm_campaign=Speedmax-ES-Mar-2019&amp;utm_medium=display&amp;utm_source=triatletasenred\" rel=\"nofollow noopener\" target=\"_blank\"><img fetchpriority=\"high\" decoding=\"async\" class=\"aligncenter size-full wp-image-61192\" src=\"https:\/\/miurltemporal.com/main/triatletasenred.sport.es\/wp-content\/uploads\/Speedmax_ES_gif_728x90px.gif\" alt=\"\" width=\"728\" height=\"90\" \/><\/a><\/p>\n<p style=\"text-align: justify;\">Los amantes del cicloturismo nacional tienen una nueva cita a marcar en su calendario. Ha nacido la<strong> Grazalema Bike Challenge,<\/strong> una prueba que se celebrar\u00e1 el <strong>domingo 23 de junio<\/strong> en el <strong>Parque Natural de la Sierra de Grazalema<\/strong>, en la provincia de <strong>C\u00e1diz<\/strong> y cerca del municipio de Ronda. Esta marcha ciclodeportiva, organizada por Of Sport, constar\u00e1 de un espectacular recorrido de <strong>94 kms y un desnivel acumulado de 2.400 metros.\u00a0<\/strong><\/p>\n<p style=\"text-align: justify;\">El periodo de <a href=\"https:\/\/grazalemabikechallenge.com\/inscripcion\/\" rel=\"nofollow noopener\" target=\"_blank\">inscripciones para esta 1\u00aa Grazalema Bike Challenge<\/a> se ha abierto hoy mismo con una <strong>oferta promocional para los 150 primeros ciclistas que adquieran su dorsal.<\/strong> Adem\u00e1s, todos los participantes recibir\u00e1n, adem\u00e1s de los habituales servicios de avituallamientos y asistencia, un <strong>maillot oficial como regalo.\u00a0<\/strong><\/p>\n<p style=\"text-align: justify;\">Para Nieves Infante, responsable de Of Sport, se trata de una cita imperdible: &#8220;La zona es espectacular y el recorrido \u00fanico. La Grazalema Bike Challenge es, sin duda, el proyecto m\u00e1s ilusionante de nuestra empresa en los \u00faltimos a\u00f1os&#8221;. Por su parte, Carlos J. Garc\u00eda, alcalde de la localidad de Grazalema, anima a los amantes del cicloturismo del mundo entero a participar en el evento: &#8220;Os invitamos a recorrer nuestro entorno de carreteras y curvas imposibles&#8221;.<\/p>\n","protected":false},"excerpt":{"rendered":"<p>La prueba cicloturista, que se celebrar\u00e1 el 23 de junio, ha abierto inscripciones para su edici\u00f3n inaugural.\u00a0<\/p>\n","protected":false},"author":302,"featured_media":61275,"comment_status":"closed","ping_status":"closed","sticky":false,"template":"","format":"standard","meta":{"_acf_changed":false,"rank_math_lock_modified_date":false,"footnotes":""},"categories":[17,19],"tags":[3163,6651,531,6595],"class_list":{"0":"post-61274","1":"post","2":"type-post","3":"status-publish","4":"format-standard","5":"has-post-thumbnail","7":"category-actualidad","8":"category-competiciones","9":"tag-cadiz","10":"tag-grazalema-bike-challenge","11":"tag-marcha-cicloturista","12":"tag-of-sport"},"acf":[],"_links":{"self":[{"href":"https:\/\/miurltemporal.com/main/triatletasenred.sport.es\/wp-json\/wp\/v2\/posts\/61274"}],"collection":[{"href":"https:\/\/miurltemporal.com/main/triatletasenred.sport.es\/wp-json\/wp\/v2\/posts"}],"about":[{"href":"https:\/\/miurltemporal.com/main/triatletasenred.sport.es\/wp-json\/wp\/v2\/types\/post"}],"author":[{"embeddable":true,"href":"https:\/\/miurltemporal.com/main/triatletasenred.sport.es\/wp-json\/wp\/v2\/users\/302"}],"replies":[{"embeddable":true,"href":"https:\/\/miurltemporal.com/main/triatletasenred.sport.es\/wp-json\/wp\/v2\/comments?post=61274"}],"version-history":[{"count":0,"href":"https:\/\/miurltemporal.com/main/triatletasenred.sport.es\/wp-json\/wp\/v2\/posts\/61274\/revisions"}],"wp:featuredmedia":[{"embeddable":true,"href":"https:\/\/miurltemporal.com/main/triatletasenred.sport.es\/wp-json\/wp\/v2\/media\/61275"}],"wp:attachment":[{"href":"https:\/\/miurltemporal.com/main/triatletasenred.sport.es\/wp-json\/wp\/v2\/media?parent=61274"}],"wp:term":[{"taxonomy":"category","embeddable":true,"href":"https:\/\/miurltemporal.com/main/triatletasenred.sport.es\/wp-json\/wp\/v2\/categories?post=61274"},{"taxonomy":"post_tag","embeddable":true,"href":"https:\/\/miurltemporal.com/main/triatletasenred.sport.es\/wp-json\/wp\/v2\/tags?post=61274"}],"curies":[{"name":"wp","href":"https:\/\/api.w.org\/{rel}","templated":true}]}}