{"id":61073,"date":"2019-02-18T19:55:01","date_gmt":"2019-02-18T17:55:01","guid":{"rendered":"https:\/\/miurltemporal.com/main/triatletasenred.sport.es\/?p=61073"},"modified":"2019-02-20T20:07:35","modified_gmt":"2019-02-20T18:07:35","slug":"sevilla-se-prepara-para-un-gran-ix-tysa-ford-duatlon-de-sevilla","status":"publish","type":"post","link":"https:\/\/miurltemporal.com/main/triatletasenred.sport.es\/actualidad\/sevilla-se-prepara-para-un-gran-ix-tysa-ford-duatlon-de-sevilla\/","title":{"rendered":"Sevilla se prepara para un gran IX Tysa Ford Duatl\u00f3n de Sevilla"},"content":{"rendered":"<h3 style=\"text-align: justify;\">El pr\u00f3ximo 3 de marzo, la ciudad hispalense Sevilla acoger\u00e1 uno de los acontecimientos deportivos del a\u00f1o en Andaluc\u00eda: su duatl\u00f3n.\u00a0 Este a\u00f1o, la prueba contar\u00e1 con m\u00e1s modalidades que nunca.<\/h3>\n<p><img fetchpriority=\"high\" decoding=\"async\" class=\"aligncenter size-full wp-image-41291\" src=\"https:\/\/miurltemporal.com/main/triatletasenred.sport.es\/wp-content\/uploads\/BANNER_FATRI.gif\" alt=\"\" width=\"435\" height=\"135\" \/><\/p>\n<p style=\"text-align: justify;\">Llega una nueva edici\u00f3n del <strong>Tysa Ford<\/strong>\u00a0<strong>Duatl\u00f3n de Sevilla<\/strong>. Este a\u00f1o, los participantes podr\u00e1n elegir entre una amplia gama de formatos. Bajo la distancia sprint, los duatletas se presentar\u00e1n a correr un primer segmento de 5km con una vuelta \u00fanica al Parque del Alamillo, para a continuaci\u00f3n montarse en la bicicleta a pedalear durante 20km con un circuito espectacular por la Isla de la Cartuja, Avenida de Carlos III y Muro de Defensa, primordiando de este modo la seguridad al ciclista, y finalizando con 2,5km de carrera a pie. Este circuito fue un \u00e9xito absoluto tanto en la edici\u00f3n anterior del Duatl\u00f3n de Sevilla como en el Triatl\u00f3n de Sevilla y han sido muchas las peticiones de los competidores de mantenerlo.<\/p>\n<p style=\"text-align: justify;\">Para hacerlo m\u00e1s llevadero y para aquellos y aquellas que no se atrevan a\u00fan a hacerlo todo, pueden hacerlo bajo el formato de relevos. Pero, \u00bfqu\u00e9 es exactemente esta modalidad? Se compone de dos personas, donde una realiza los segmentos de carrera a pie y la otra la bicicleta, pudiendo formar tanto equipos masculinos como femeninos.<\/p>\n<p style=\"text-align: justify;\"><img decoding=\"async\" class=\" wp-image-61075 alignleft\" src=\"https:\/\/miurltemporal.com/main/triatletasenred.sport.es\/wp-content\/uploads\/27798077_10155672143544262_5020296739154902750_o.jpg\" alt=\"\" width=\"314\" height=\"209\" srcset=\"https:\/\/miurltemporal.com/main/triatletasenred.sport.es\/wp-content\/uploads\/27798077_10155672143544262_5020296739154902750_o.jpg 2048w, https:\/\/miurltemporal.com/main/triatletasenred.sport.es\/wp-content\/uploads\/27798077_10155672143544262_5020296739154902750_o-700x467.jpg 700w, https:\/\/miurltemporal.com/main/triatletasenred.sport.es\/wp-content\/uploads\/27798077_10155672143544262_5020296739154902750_o-300x200.jpg 300w, https:\/\/miurltemporal.com/main/triatletasenred.sport.es\/wp-content\/uploads\/27798077_10155672143544262_5020296739154902750_o-768x512.jpg 768w, https:\/\/miurltemporal.com/main/triatletasenred.sport.es\/wp-content\/uploads\/27798077_10155672143544262_5020296739154902750_o-1024x683.jpg 1024w, https:\/\/miurltemporal.com/main/triatletasenred.sport.es\/wp-content\/uploads\/27798077_10155672143544262_5020296739154902750_o-640x427.jpg 640w\" sizes=\"(max-width: 314px) 100vw, 314px\" \/>La organizaci\u00f3n tambi\u00e9n ofrece la modalidad Duatl\u00f3n de la Igualdad, un duatl\u00f3n por parejas compuestas por un hombre y una mujer que deben ir juntos desde la salida a la meta, con una separaci\u00f3n m\u00e1xima de 10m.\u00a0 Adem\u00e1s, como novedad en esta edici\u00f3n, se ha optado por una salida totalmente independiente para las mujeres debido a su alta participaci\u00f3n.<\/p>\n<p>Los deportistas interesados en participar en este gran fiesta del duatl\u00f3n pueden gestionar sus inscripciones antes del 27 de febrero a trav\u00e9s de <a href=\"http:\/\/ofsport.es\/es\/reglamento-ix-duatlon-de-sevilla\" rel=\"nofollow noopener\" target=\"_blank\">la p\u00e1gina web del organizador del evento, OF SPORT.<\/a><\/p>\n","protected":false},"excerpt":{"rendered":"<p>El pr\u00f3ximo 3 de marzo, la ciudad hispalense Sevilla acoger\u00e1 uno de los acontecimientos deportivos del a\u00f1o en Andaluc\u00eda: su duatl\u00f3n.\u00a0<\/p>\n","protected":false},"author":302,"featured_media":61074,"comment_status":"closed","ping_status":"closed","sticky":false,"template":"","format":"standard","meta":{"_acf_changed":false,"rank_math_lock_modified_date":false,"footnotes":""},"categories":[17,19],"tags":[6595,6594],"class_list":{"0":"post-61073","1":"post","2":"type-post","3":"status-publish","4":"format-standard","5":"has-post-thumbnail","7":"category-actualidad","8":"category-competiciones","9":"tag-of-sport","10":"tag-tysa-ford-duatlon-de-sevilla"},"acf":[],"_links":{"self":[{"href":"https:\/\/miurltemporal.com/main/triatletasenred.sport.es\/wp-json\/wp\/v2\/posts\/61073"}],"collection":[{"href":"https:\/\/miurltemporal.com/main/triatletasenred.sport.es\/wp-json\/wp\/v2\/posts"}],"about":[{"href":"https:\/\/miurltemporal.com/main/triatletasenred.sport.es\/wp-json\/wp\/v2\/types\/post"}],"author":[{"embeddable":true,"href":"https:\/\/miurltemporal.com/main/triatletasenred.sport.es\/wp-json\/wp\/v2\/users\/302"}],"replies":[{"embeddable":true,"href":"https:\/\/miurltemporal.com/main/triatletasenred.sport.es\/wp-json\/wp\/v2\/comments?post=61073"}],"version-history":[{"count":0,"href":"https:\/\/miurltemporal.com/main/triatletasenred.sport.es\/wp-json\/wp\/v2\/posts\/61073\/revisions"}],"wp:featuredmedia":[{"embeddable":true,"href":"https:\/\/miurltemporal.com/main/triatletasenred.sport.es\/wp-json\/wp\/v2\/media\/61074"}],"wp:attachment":[{"href":"https:\/\/miurltemporal.com/main/triatletasenred.sport.es\/wp-json\/wp\/v2\/media?parent=61073"}],"wp:term":[{"taxonomy":"category","embeddable":true,"href":"https:\/\/miurltemporal.com/main/triatletasenred.sport.es\/wp-json\/wp\/v2\/categories?post=61073"},{"taxonomy":"post_tag","embeddable":true,"href":"https:\/\/miurltemporal.com/main/triatletasenred.sport.es\/wp-json\/wp\/v2\/tags?post=61073"}],"curies":[{"name":"wp","href":"https:\/\/api.w.org\/{rel}","templated":true}]}}