{"id":61062,"date":"2019-02-19T17:17:44","date_gmt":"2019-02-19T15:17:44","guid":{"rendered":"https:\/\/miurltemporal.com/main/triatletasenred.sport.es\/?p=61062"},"modified":"2019-05-08T19:44:30","modified_gmt":"2019-05-08T17:44:30","slug":"mario-mola-elegido-mejor-triatleta-de-europa","status":"publish","type":"post","link":"https:\/\/miurltemporal.com/main/triatletasenred.sport.es\/actualidad\/mario-mola-elegido-mejor-triatleta-de-europa\/","title":{"rendered":"Mario Mola, elegido mejor triatleta de Europa"},"content":{"rendered":"<h3 style=\"text-align: justify;\">La ETU entreg\u00f3 ayer los premios a los mejores del 2018 y el balear, junto a la brit\u00e1nica Vicky Holland, se llev\u00f3 el galard\u00f3n m\u00e1s importante.<\/h3>\n<p><a href=\"https:\/\/pontevedra2019.org\/itu\/\" rel=\"nofollow noopener\" target=\"_blank\"><img fetchpriority=\"high\" decoding=\"async\" class=\"aligncenter size-full wp-image-40511\" src=\"https:\/\/miurltemporal.com/main/triatletasenred.sport.es\/wp-content\/uploads\/ITU-Pontevedra-20189.jpg\" alt=\"\" width=\"450\" height=\"251\" srcset=\"https:\/\/miurltemporal.com/main/triatletasenred.sport.es\/wp-content\/uploads\/ITU-Pontevedra-20189.jpg 450w, https:\/\/miurltemporal.com/main/triatletasenred.sport.es\/wp-content\/uploads\/ITU-Pontevedra-20189-300x167.jpg 300w\" sizes=\"(max-width: 450px) 100vw, 450px\" \/><\/a><\/p>\n<p style=\"text-align: justify;\">La gala anual de la <strong>ETU (Uni\u00f3n Europea de Triatl\u00f3n)<\/strong> tuvo lugar ayer en Dubl\u00edn. En la capital de la Rep\u00fablica de Irlanda se entregaron los premios a las figuras m\u00e1s importantes del mundo del triatl\u00f3n en 2018 y, como no pod\u00eda ser de otro modo, <strong>Mario Mola<\/strong> recibi\u00f3 el premio al\u00a0<em><strong>Mejor Triatleta del A\u00f1o<\/strong>.\u00a0<\/em>El balear, que estaba nominado junto al h\u00fangaro<strong> Mark Devay<\/strong> y al franc\u00e9s <strong>Pierre Le Corre<\/strong>, no pudo asistir a la ceremonia pero envi\u00f3 un v\u00eddeo desde su concentraci\u00f3n de pretemporada en las Islas Canarias para agradecer el reconocimiento.<\/p>\n<p style=\"text-align: justify;\">El campe\u00f3n de las \u00faltimas tres ediciones de las Series Mundiales no fue el \u00fanico premiado. <strong>Vicky Holland<\/strong>, tambi\u00e9n vencedora de las Series Mundiales en 2018, recibi\u00f3 el premio en categor\u00eda femenina el mismo d\u00eda que se hizo oficial su fichaje por el equipo Bahrain Endurance 13. Adem\u00e1s, la ETU reconoci\u00f3 a <strong>Francia <\/strong>como la mejor federaci\u00f3n de triatl\u00f3n del a\u00f1o, a <strong>Elise Marc<\/strong> como el mejor paratriatleta de la pasada temporada y a los <strong>Europeos de Glasgow<\/strong> como el evento mejor organizado.<\/p>\n","protected":false},"excerpt":{"rendered":"<p>La ETU entreg\u00f3 ayer los premios a los mejores del 2018 y el balear, junto a la brit\u00e1nica Vicky Holland, se llev\u00f3 el galard\u00f3n m\u00e1s importante.\u00a0<\/p>\n","protected":false},"author":302,"featured_media":59936,"comment_status":"closed","ping_status":"closed","sticky":false,"template":"","format":"standard","meta":{"_acf_changed":false,"rank_math_lock_modified_date":false,"footnotes":""},"categories":[17,2033],"tags":[2217,893,6262],"class_list":{"0":"post-61062","1":"post","2":"type-post","3":"status-publish","4":"format-standard","5":"has-post-thumbnail","7":"category-actualidad","8":"category-sport","9":"tag-etu","10":"tag-mario-mola","11":"tag-vicky-holland"},"acf":[],"_links":{"self":[{"href":"https:\/\/miurltemporal.com/main/triatletasenred.sport.es\/wp-json\/wp\/v2\/posts\/61062"}],"collection":[{"href":"https:\/\/miurltemporal.com/main/triatletasenred.sport.es\/wp-json\/wp\/v2\/posts"}],"about":[{"href":"https:\/\/miurltemporal.com/main/triatletasenred.sport.es\/wp-json\/wp\/v2\/types\/post"}],"author":[{"embeddable":true,"href":"https:\/\/miurltemporal.com/main/triatletasenred.sport.es\/wp-json\/wp\/v2\/users\/302"}],"replies":[{"embeddable":true,"href":"https:\/\/miurltemporal.com/main/triatletasenred.sport.es\/wp-json\/wp\/v2\/comments?post=61062"}],"version-history":[{"count":0,"href":"https:\/\/miurltemporal.com/main/triatletasenred.sport.es\/wp-json\/wp\/v2\/posts\/61062\/revisions"}],"wp:featuredmedia":[{"embeddable":true,"href":"https:\/\/miurltemporal.com/main/triatletasenred.sport.es\/wp-json\/wp\/v2\/media\/59936"}],"wp:attachment":[{"href":"https:\/\/miurltemporal.com/main/triatletasenred.sport.es\/wp-json\/wp\/v2\/media?parent=61062"}],"wp:term":[{"taxonomy":"category","embeddable":true,"href":"https:\/\/miurltemporal.com/main/triatletasenred.sport.es\/wp-json\/wp\/v2\/categories?post=61062"},{"taxonomy":"post_tag","embeddable":true,"href":"https:\/\/miurltemporal.com/main/triatletasenred.sport.es\/wp-json\/wp\/v2\/tags?post=61062"}],"curies":[{"name":"wp","href":"https:\/\/api.w.org\/{rel}","templated":true}]}}