{"id":61041,"date":"2019-02-19T06:59:22","date_gmt":"2019-02-19T04:59:22","guid":{"rendered":"https:\/\/miurltemporal.com/main/triatletasenred.sport.es\/?p=61041"},"modified":"2019-02-19T01:17:42","modified_gmt":"2019-02-18T23:17:42","slug":"las-3-bicis-mas-caras-del-mundo","status":"publish","type":"post","link":"https:\/\/miurltemporal.com/main/triatletasenred.sport.es\/actualidad\/las-3-bicis-mas-caras-del-mundo\/","title":{"rendered":"Las 3 bicis m\u00e1s caras del mundo"},"content":{"rendered":"<h3 style=\"text-align: justify;\">Son aut\u00e9nticas joyas&#8230; \u00a1Y costaron much\u00edsimo dinero! Os presentamos las tres bicicletas que se han vendido a un precio m\u00e1s alto.<\/h3>\n<p><a href=\"https:\/\/es.inverseshop.com\/\" rel=\"nofollow noopener\" target=\"_blank\"><img fetchpriority=\"high\" decoding=\"async\" class=\"aligncenter size-full wp-image-54866\" src=\"https:\/\/miurltemporal.com/main/triatletasenred.sport.es\/wp-content\/uploads\/BANNER-TRIATLETAS-EN-RED-700X150-1.gif\" alt=\"\" width=\"700\" height=\"150\" \/><\/a><\/p>\n<p style=\"text-align: justify;\">Todos so\u00f1amos con algo y es probable que en la lista de deseos de cualquier triatleta haya una bicicleta de lo m\u00e1s espectacular y bien cara. 8.000, 10.0000, 12.000 euros&#8230; Precios elevados pero para nada comparables con lo que se lleg\u00f3 a pagar por las tres bicicletas que os presentamos a continuaci\u00f3n. Con todos ustedes, las tres bicis m\u00e1s caras de la historia:<\/p>\n<h3>3. Chrome Hearts X Cervelo<\/h3>\n<p style=\"text-align: justify;\">Sali\u00f3 al mercado en 2010 y est\u00e1 basada en el modelo P4 TT de la marca canadiense. Una bici de triatl\u00f3n a la que le imprimieron un dise\u00f1o de lo m\u00e1s curioso: dibujos en el cuadro y en las ruedas de la marca de joyer\u00eda de lujo <strong>Chrome Hearts<\/strong>. \u00bfSu precio? Este extravagante veh\u00edculo con sill\u00edn de cuero y detalles de plata se puso a la venta por<strong> 60.000 d\u00f3lares.\u00a0<\/strong><\/p>\n<p><img decoding=\"async\" class=\"aligncenter size-full wp-image-61042\" src=\"https:\/\/miurltemporal.com/main/triatletasenred.sport.es\/wp-content\/uploads\/cervelo-chrome-hearts-bike.jpg\" alt=\"\" width=\"480\" height=\"338\" srcset=\"https:\/\/miurltemporal.com/main/triatletasenred.sport.es\/wp-content\/uploads\/cervelo-chrome-hearts-bike.jpg 480w, https:\/\/miurltemporal.com/main/triatletasenred.sport.es\/wp-content\/uploads\/cervelo-chrome-hearts-bike-300x211.jpg 300w\" sizes=\"(max-width: 480px) 100vw, 480px\" \/><\/p>\n<hr \/>\n<h3>2. Trek Madone 7 Diamond<\/h3>\n<p style=\"text-align: justify;\">Para conmemorar el 7\u00ba Tour de Francia ganado por Lance Armstrong, la firma americana fabric\u00f3 una edici\u00f3n especial de su modelo de ruta m\u00e1s conocido. Trek coloc\u00f3 <strong>7 diamantes negros de un quilate<\/strong>\u00a0en el logo que habitualmente pone en los cuadros de sus bicicletas y <strong>m\u00e1s de 100 diamantes blancos<\/strong> distribuidos en otras partes de esta aut\u00e9ntica pieza de coleccionista. La madone 7 Diamond sali\u00f3 a subasta y alcanz\u00f3 un precio de<strong> 60.700 euros.\u00a0<\/strong><\/p>\n<p><img decoding=\"async\" class=\"aligncenter wp-image-61043\" src=\"https:\/\/miurltemporal.com/main/triatletasenred.sport.es\/wp-content\/uploads\/Trek-Diamond-Armstrong.jpg\" alt=\"\" width=\"487\" height=\"274\" srcset=\"https:\/\/miurltemporal.com/main/triatletasenred.sport.es\/wp-content\/uploads\/Trek-Diamond-Armstrong.jpg 510w, https:\/\/miurltemporal.com/main/triatletasenred.sport.es\/wp-content\/uploads\/Trek-Diamond-Armstrong-300x169.jpg 300w\" sizes=\"(max-width: 487px) 100vw, 487px\" \/><\/p>\n<hr \/>\n<h3>1. Butterfly Trek Madone<\/h3>\n<p style=\"text-align: justify;\">Cubrir de diamantes una bicicleta no fue suficiente para Trek. A\u00f1os despu\u00e9s, en 2009, <strong>Lance Armstrong<\/strong> volvi\u00f3 a competir de forma profesional. Poco antes de que comenzaran a cobrar fuerza las acusaciones que lo relacionaban con una importante trama de dopaje, el de Texas decidi\u00f3 subastar su bicicleta para recadar fondos para su fundaci\u00f3n. Antes de venderla, el famoso artista brit\u00e1nico <strong>Damien Hirst<\/strong> la decor\u00f3 con <strong>alas de mariposa<\/strong> para simbolizar el resurgir de Armstrong. A pesar de las cr\u00edticas recibidas por utilizar partes de animal como adorno, la bici se compr\u00f3 por un precio de <strong>408.000 euros.\u00a0<\/strong><\/p>\n<p><img loading=\"lazy\" decoding=\"async\" class=\"aligncenter size-full wp-image-61044\" src=\"https:\/\/miurltemporal.com/main/triatletasenred.sport.es\/wp-content\/uploads\/0708_butterfly-trek-madone.jpg\" alt=\"\" width=\"485\" height=\"340\" srcset=\"https:\/\/miurltemporal.com/main/triatletasenred.sport.es\/wp-content\/uploads\/0708_butterfly-trek-madone.jpg 485w, https:\/\/miurltemporal.com/main/triatletasenred.sport.es\/wp-content\/uploads\/0708_butterfly-trek-madone-300x210.jpg 300w\" sizes=\"(max-width: 485px) 100vw, 485px\" \/><\/p>\n","protected":false},"excerpt":{"rendered":"<p>Son aut\u00e9nticas joyas&#8230; \u00a1Y costaron much\u00edsimo dinero! Os presentamos las tres bicicletas que se han vendido a un precio m\u00e1s alto.\u00a0<\/p>\n","protected":false},"author":302,"featured_media":61045,"comment_status":"closed","ping_status":"closed","sticky":false,"template":"","format":"standard","meta":{"_acf_changed":false,"rank_math_lock_modified_date":false,"footnotes":""},"categories":[17,16,2033],"tags":[6591,5225,5287,836],"class_list":{"0":"post-61041","1":"post","2":"type-post","3":"status-publish","4":"format-standard","5":"has-post-thumbnail","7":"category-actualidad","8":"category-en-red","9":"category-sport","10":"tag-bicis-mas-caras-del-mundo","11":"tag-cervelo","12":"tag-lance-armstrong","13":"tag-trek"},"acf":[],"_links":{"self":[{"href":"https:\/\/miurltemporal.com/main/triatletasenred.sport.es\/wp-json\/wp\/v2\/posts\/61041"}],"collection":[{"href":"https:\/\/miurltemporal.com/main/triatletasenred.sport.es\/wp-json\/wp\/v2\/posts"}],"about":[{"href":"https:\/\/miurltemporal.com/main/triatletasenred.sport.es\/wp-json\/wp\/v2\/types\/post"}],"author":[{"embeddable":true,"href":"https:\/\/miurltemporal.com/main/triatletasenred.sport.es\/wp-json\/wp\/v2\/users\/302"}],"replies":[{"embeddable":true,"href":"https:\/\/miurltemporal.com/main/triatletasenred.sport.es\/wp-json\/wp\/v2\/comments?post=61041"}],"version-history":[{"count":0,"href":"https:\/\/miurltemporal.com/main/triatletasenred.sport.es\/wp-json\/wp\/v2\/posts\/61041\/revisions"}],"wp:featuredmedia":[{"embeddable":true,"href":"https:\/\/miurltemporal.com/main/triatletasenred.sport.es\/wp-json\/wp\/v2\/media\/61045"}],"wp:attachment":[{"href":"https:\/\/miurltemporal.com/main/triatletasenred.sport.es\/wp-json\/wp\/v2\/media?parent=61041"}],"wp:term":[{"taxonomy":"category","embeddable":true,"href":"https:\/\/miurltemporal.com/main/triatletasenred.sport.es\/wp-json\/wp\/v2\/categories?post=61041"},{"taxonomy":"post_tag","embeddable":true,"href":"https:\/\/miurltemporal.com/main/triatletasenred.sport.es\/wp-json\/wp\/v2\/tags?post=61041"}],"curies":[{"name":"wp","href":"https:\/\/api.w.org\/{rel}","templated":true}]}}