{"id":60913,"date":"2019-02-08T10:59:29","date_gmt":"2019-02-08T08:59:29","guid":{"rendered":"https:\/\/miurltemporal.com/main/triatletasenred.sport.es\/?p=60913"},"modified":"2019-02-08T10:59:29","modified_gmt":"2019-02-08T08:59:29","slug":"julien-wanders-nuevo-record-de-europa-de-medio-maraton","status":"publish","type":"post","link":"https:\/\/miurltemporal.com/main/triatletasenred.sport.es\/actualidad\/julien-wanders-nuevo-record-de-europa-de-medio-maraton\/","title":{"rendered":"Julien Wanders, nuevo r\u00e9cord de Europa de medio marat\u00f3n"},"content":{"rendered":"<h3 style=\"text-align: justify;\">El suizo ha logrado la mejor marca continental de la historia en el Medio Marat\u00f3n de RAK (Emiratos \u00c1rabes), donde 11 atletas han bajado de la hora.<\/h3>\n<p><a href=\"https:\/\/es.inverseshop.com\/\" rel=\"nofollow noopener\" target=\"_blank\"><img fetchpriority=\"high\" decoding=\"async\" class=\"aligncenter size-full wp-image-54866\" src=\"https:\/\/miurltemporal.com/main/triatletasenred.sport.es\/wp-content\/uploads\/BANNER-TRIATLETAS-EN-RED-700X150-1.gif\" alt=\"\" width=\"700\" height=\"150\" \/><\/a><\/p>\n<p style=\"text-align: justify;\">\u00a1El estado de forma de este hombre es de locos! En diciembre, <a href=\"https:\/\/miurltemporal.com/main/triatletasenred.sport.es\/actualidad\/julien-wanders-bate-el-record-de-europa-de-10-kms\/\">Julien Wanders ya bati\u00f3 el r\u00e9cord de Europa de 10 kms en ruta (27&#8217;25&#8221;)<\/a> y hoy ha vuelto a dar un recital: mejor marca europea de la historia en medio marat\u00f3n. \u00bfEl tiempo? Una aut\u00e9ntica barbaridad: 59&#8217;13&#8221; (a 2&#8217;48&#8243;\/km). Con ese registro, el suizo de 22 a\u00f1os supera al hasta ahora poseedor del r\u00e9cord, nada m\u00e1s y nada menos que Mo Farah, que par\u00f3 el crono en 59&#8217;32&#8221; en el Medio Marat\u00f3n de Lisboa de 2015.<\/p>\n<p style=\"text-align: justify;\">Julien Wanders no ha sido el \u00fanico que &#8220;ha volado&#8221; esta madrugada en el Medio Marat\u00f3n de Ras-al-Khaimah (Emiratos \u00c1rabes). El corredor del NN Running Team ha acab\u00f3 11\u00ba en una prueba en la que 10 corredores m\u00e1s rompieron la barrera de los 60&#8242;. De esta forma, la carrera supera al Medio Marat\u00f3n de Valencia, que hasta el momento ten\u00eda la mejor estad\u00edstica con 10 atletas por debajo de la hora.<\/p>\n","protected":false},"excerpt":{"rendered":"<p>El suizo ha logrado la mejor marca continental de la historia en el Medio Marat\u00f3n de RAK (Emiratos \u00c1rabes), donde 11 atletas han bajado de la hora.\u00a0<\/p>\n","protected":false},"author":302,"featured_media":60914,"comment_status":"closed","ping_status":"closed","sticky":false,"template":"","format":"standard","meta":{"_acf_changed":false,"rank_math_lock_modified_date":false,"footnotes":""},"categories":[17,2033],"tags":[6447,6562,6561],"class_list":{"0":"post-60913","1":"post","2":"type-post","3":"status-publish","4":"format-standard","5":"has-post-thumbnail","7":"category-actualidad","8":"category-sport","9":"tag-julien-wanders","10":"tag-medio-maraton-de-rak","11":"tag-record-de-europa-de-medio-maraton"},"acf":[],"_links":{"self":[{"href":"https:\/\/miurltemporal.com/main/triatletasenred.sport.es\/wp-json\/wp\/v2\/posts\/60913"}],"collection":[{"href":"https:\/\/miurltemporal.com/main/triatletasenred.sport.es\/wp-json\/wp\/v2\/posts"}],"about":[{"href":"https:\/\/miurltemporal.com/main/triatletasenred.sport.es\/wp-json\/wp\/v2\/types\/post"}],"author":[{"embeddable":true,"href":"https:\/\/miurltemporal.com/main/triatletasenred.sport.es\/wp-json\/wp\/v2\/users\/302"}],"replies":[{"embeddable":true,"href":"https:\/\/miurltemporal.com/main/triatletasenred.sport.es\/wp-json\/wp\/v2\/comments?post=60913"}],"version-history":[{"count":0,"href":"https:\/\/miurltemporal.com/main/triatletasenred.sport.es\/wp-json\/wp\/v2\/posts\/60913\/revisions"}],"wp:featuredmedia":[{"embeddable":true,"href":"https:\/\/miurltemporal.com/main/triatletasenred.sport.es\/wp-json\/wp\/v2\/media\/60914"}],"wp:attachment":[{"href":"https:\/\/miurltemporal.com/main/triatletasenred.sport.es\/wp-json\/wp\/v2\/media?parent=60913"}],"wp:term":[{"taxonomy":"category","embeddable":true,"href":"https:\/\/miurltemporal.com/main/triatletasenred.sport.es\/wp-json\/wp\/v2\/categories?post=60913"},{"taxonomy":"post_tag","embeddable":true,"href":"https:\/\/miurltemporal.com/main/triatletasenred.sport.es\/wp-json\/wp\/v2\/tags?post=60913"}],"curies":[{"name":"wp","href":"https:\/\/api.w.org\/{rel}","templated":true}]}}