{"id":60861,"date":"2019-02-04T06:10:07","date_gmt":"2019-02-04T04:10:07","guid":{"rendered":"https:\/\/miurltemporal.com/main/triatletasenred.sport.es\/?p=60861"},"modified":"2019-02-05T17:10:25","modified_gmt":"2019-02-05T15:10:25","slug":"castellar-del-valles-acoge-este-domingo-el-campeonato-de-cataluna-de-duatlon-por-ggee","status":"publish","type":"post","link":"https:\/\/miurltemporal.com/main/triatletasenred.sport.es\/actualidad\/castellar-del-valles-acoge-este-domingo-el-campeonato-de-cataluna-de-duatlon-por-ggee\/","title":{"rendered":"Castellar del Vall\u00e9s acoge este domingo el Campeonato de Catalu\u00f1a de Duatl\u00f3n por GGEE"},"content":{"rendered":"<h3 style=\"text-align: justify;\">Los mejores duatletas de Catalu\u00f1a se re\u00fanen en una prueba organizada por el club DimensiON3 Club Triatl\u00f3.<\/h3>\n<p><a href=\"https:\/\/es.inverseshop.com\/\" rel=\"nofollow noopener\" target=\"_blank\"><img fetchpriority=\"high\" decoding=\"async\" class=\"aligncenter size-full wp-image-54866\" src=\"https:\/\/miurltemporal.com/main/triatletasenred.sport.es\/wp-content\/uploads\/BANNER-TRIATLETAS-EN-RED-700X150-1.gif\" alt=\"\" width=\"700\" height=\"150\" \/><\/a><\/p>\n<p style=\"text-align: justify;\">Todo preparado para una de las grandes fiestas de la temporada catalana de duatl\u00f3n. Este domingo, d\u00eda 10 de febrero, llega el Campeonato de Catalu\u00f1a por Grupos de Edad, una prueba que se disputar\u00e1 en la localidad de Castellar del Vall\u00e9s. El municipio de la provincia de Barcelona destaca por ser un enclave ideal para la pr\u00e1ctica del ciclismo y el atletismo, con carreteras amplias y seguras, la espectacular zona del Parque de Colobrers y las pistas de atletismo de la poblaci\u00f3n.<\/p>\n<p style=\"text-align: justify;\">El DimensiON3 Club Triatl\u00f3, organizador del evento, espera mantener el \u00e9xito de las \u00faltimas ediciones de este duatl\u00f3n que ya se ha celebrado en tres ocasiones. Para todos los interesados en competir en Castellar este domingo, ya sean federados o deportistas sin licencia, las inscripciones est\u00e1n disponibles en la <a href=\"http:\/\/www.triatlo.org\/\" rel=\"nofollow noopener\" target=\"_blank\">web de la Federaci\u00f3 Catalana\u00a0de Triatl\u00f3<\/a> y en el<a href=\"http:\/\/www.dimensiontri.com\/es\/\" rel=\"nofollow noopener\" target=\"_blank\"> portal del propio club.\u00a0<\/a><\/p>\n<div class=\"youtube-embed\" data-video_id=\"Rpd18AuH5Og\"><iframe title=\"#duatlON3castellar\" width=\"696\" height=\"392\" src=\"https:\/\/www.youtube.com\/embed\/Rpd18AuH5Og?start=15&#038;feature=oembed\" frameborder=\"0\" allow=\"accelerometer; autoplay; clipboard-write; encrypted-media; gyroscope; picture-in-picture; web-share\" allowfullscreen><\/iframe><\/div>\n","protected":false},"excerpt":{"rendered":"<p>Los mejores duatletas de Catalu\u00f1a se re\u00fanen en una prueba organizada por el club DimensiON3 Club Triatl\u00f3. Todo preparado para una de las grandes fiestas de la temporada catalana de duatl\u00f3n. Este domingo, d\u00eda 10 de febrero, llega el Campeonato de Catalu\u00f1a por Grupos de Edad, una prueba que se disputar\u00e1 en la localidad de [&hellip;]<\/p>\n","protected":false},"author":302,"featured_media":60863,"comment_status":"closed","ping_status":"closed","sticky":false,"template":"","format":"standard","meta":{"_acf_changed":false,"rank_math_lock_modified_date":false,"footnotes":""},"categories":[17,19],"tags":[6543,6542,6544],"class_list":{"0":"post-60861","1":"post","2":"type-post","3":"status-publish","4":"format-standard","5":"has-post-thumbnail","7":"category-actualidad","8":"category-competiciones","9":"tag-dimension3-triatlo","10":"tag-duatlo-de-castellar-del-valles","11":"tag-duatlon-de-carretera"},"acf":[],"_links":{"self":[{"href":"https:\/\/miurltemporal.com/main/triatletasenred.sport.es\/wp-json\/wp\/v2\/posts\/60861"}],"collection":[{"href":"https:\/\/miurltemporal.com/main/triatletasenred.sport.es\/wp-json\/wp\/v2\/posts"}],"about":[{"href":"https:\/\/miurltemporal.com/main/triatletasenred.sport.es\/wp-json\/wp\/v2\/types\/post"}],"author":[{"embeddable":true,"href":"https:\/\/miurltemporal.com/main/triatletasenred.sport.es\/wp-json\/wp\/v2\/users\/302"}],"replies":[{"embeddable":true,"href":"https:\/\/miurltemporal.com/main/triatletasenred.sport.es\/wp-json\/wp\/v2\/comments?post=60861"}],"version-history":[{"count":0,"href":"https:\/\/miurltemporal.com/main/triatletasenred.sport.es\/wp-json\/wp\/v2\/posts\/60861\/revisions"}],"wp:featuredmedia":[{"embeddable":true,"href":"https:\/\/miurltemporal.com/main/triatletasenred.sport.es\/wp-json\/wp\/v2\/media\/60863"}],"wp:attachment":[{"href":"https:\/\/miurltemporal.com/main/triatletasenred.sport.es\/wp-json\/wp\/v2\/media?parent=60861"}],"wp:term":[{"taxonomy":"category","embeddable":true,"href":"https:\/\/miurltemporal.com/main/triatletasenred.sport.es\/wp-json\/wp\/v2\/categories?post=60861"},{"taxonomy":"post_tag","embeddable":true,"href":"https:\/\/miurltemporal.com/main/triatletasenred.sport.es\/wp-json\/wp\/v2\/tags?post=60861"}],"curies":[{"name":"wp","href":"https:\/\/api.w.org\/{rel}","templated":true}]}}