{"id":60855,"date":"2019-02-05T07:00:57","date_gmt":"2019-02-05T05:00:57","guid":{"rendered":"https:\/\/miurltemporal.com/main/triatletasenred.sport.es\/?p=60855"},"modified":"2019-02-05T00:27:35","modified_gmt":"2019-02-04T22:27:35","slug":"video-eres-capaz-de-quitarte-el-neopreno-tan-rapido-como-vincent-luis","status":"publish","type":"post","link":"https:\/\/miurltemporal.com/main/triatletasenred.sport.es\/actualidad\/video-eres-capaz-de-quitarte-el-neopreno-tan-rapido-como-vincent-luis\/","title":{"rendered":"(V\u00cdDEO) \u00bfEres capaz de quitarte el neopreno tan r\u00e1pido como Vincent Luis?"},"content":{"rendered":"<h3>El franc\u00e9s, Carolina Routier y otros triatletas del grupo de Joel Filliol &#8220;compiten&#8221; por ver qui\u00e9n se quita el neopreno m\u00e1s r\u00e1pido. \u00a1Espectacular!<\/h3>\n<p><a href=\"https:\/\/zone3.es\/\" rel=\"nofollow noopener\" target=\"_blank\"><img fetchpriority=\"high\" decoding=\"async\" class=\"aligncenter size-full wp-image-58904\" src=\"https:\/\/miurltemporal.com/main/triatletasenred.sport.es\/wp-content\/uploads\/zone3-nuevo-1.gif\" alt=\"\" width=\"746\" height=\"149\" \/><\/a><\/p>\n<p style=\"text-align: justify;\">Seguro que alguna vez te ha pasado. Sales del agua mareado, te diriges hacia la zona de boxes para recoger tu bicicleta pero&#8230; \u00a1Antes debes quitarte <strong>el neopreno<\/strong>! Y c\u00f3mo cuesta. Quitarse r\u00e1pidamente esta prenda podr\u00eda considerarse un aut\u00e9ntico arte y, para un triatleta amateur, observar c\u00f3mo los profesionales se despojan de \u00e9l en un abrir y cerrar de ojos es algo alucinante. De hecho, nosotros todav\u00eda alucinamos con la \u00faltima demostraci\u00f3n de <strong>Vincent Luis y Carolina Routier.\u00a0<\/strong><\/p>\n<p style=\"text-align: justify;\">Tanto el franc\u00e9s, subcampe\u00f3n del mundo en 2018, como la catalana forman parte del grupo de entrenamiento de <strong>Joel Filliol<\/strong>, en el que tambi\u00e9n est\u00e1 Mario Mola. Todos ellos se encuentran en <strong>Fuerteventura<\/strong> de concentraci\u00f3n y ayer publicaron el v\u00eddeo que os dejamos a continuaci\u00f3n. En \u00e9l se puede ver como algunos de los pupilos de Filliol <strong>compiten por ver qui\u00e9n se quita antes el neopreno<\/strong>. \u00bfEl resultado? Sencillamente espectacular. Luis gana (es el triatleta que luce el ba\u00f1ador negro Nike y se lo quita en escasos 5 segundos), y Routier y el belga <strong>Jelle Geens<\/strong> le siguen de cerca demostrando una t\u00e9cnica depurad\u00edsima&#8230; Y es que en esto del triatl\u00f3n, \u00a1hay que cuidar hasta el \u00faltimo detalle!<\/p>\n<p>https:\/\/www.instagram.com\/p\/Btdt1g2Cfm4\/?utm_source=ig_web_button_share_sheet<\/p>\n","protected":false},"excerpt":{"rendered":"<p>El franc\u00e9s, Carolina Routier y otros triatletas del grupo de Joel Filliol &#8220;compiten&#8221; por ver qui\u00e9n se quita el neopreno m\u00e1s r\u00e1pido. \u00a1Espectacular!<\/p>\n","protected":false},"author":302,"featured_media":59644,"comment_status":"closed","ping_status":"closed","sticky":false,"template":"","format":"standard","meta":{"_acf_changed":false,"rank_math_lock_modified_date":false,"footnotes":""},"categories":[17,2033],"tags":[2481,23,4754],"class_list":{"0":"post-60855","1":"post","2":"type-post","3":"status-publish","4":"format-standard","5":"has-post-thumbnail","7":"category-actualidad","8":"category-sport","9":"tag-carolina-routier","10":"tag-neopreno","11":"tag-vincent-luis"},"acf":[],"_links":{"self":[{"href":"https:\/\/miurltemporal.com/main/triatletasenred.sport.es\/wp-json\/wp\/v2\/posts\/60855"}],"collection":[{"href":"https:\/\/miurltemporal.com/main/triatletasenred.sport.es\/wp-json\/wp\/v2\/posts"}],"about":[{"href":"https:\/\/miurltemporal.com/main/triatletasenred.sport.es\/wp-json\/wp\/v2\/types\/post"}],"author":[{"embeddable":true,"href":"https:\/\/miurltemporal.com/main/triatletasenred.sport.es\/wp-json\/wp\/v2\/users\/302"}],"replies":[{"embeddable":true,"href":"https:\/\/miurltemporal.com/main/triatletasenred.sport.es\/wp-json\/wp\/v2\/comments?post=60855"}],"version-history":[{"count":0,"href":"https:\/\/miurltemporal.com/main/triatletasenred.sport.es\/wp-json\/wp\/v2\/posts\/60855\/revisions"}],"wp:featuredmedia":[{"embeddable":true,"href":"https:\/\/miurltemporal.com/main/triatletasenred.sport.es\/wp-json\/wp\/v2\/media\/59644"}],"wp:attachment":[{"href":"https:\/\/miurltemporal.com/main/triatletasenred.sport.es\/wp-json\/wp\/v2\/media?parent=60855"}],"wp:term":[{"taxonomy":"category","embeddable":true,"href":"https:\/\/miurltemporal.com/main/triatletasenred.sport.es\/wp-json\/wp\/v2\/categories?post=60855"},{"taxonomy":"post_tag","embeddable":true,"href":"https:\/\/miurltemporal.com/main/triatletasenred.sport.es\/wp-json\/wp\/v2\/tags?post=60855"}],"curies":[{"name":"wp","href":"https:\/\/api.w.org\/{rel}","templated":true}]}}