{"id":60850,"date":"2019-02-04T06:58:25","date_gmt":"2019-02-04T04:58:25","guid":{"rendered":"https:\/\/miurltemporal.com/main/triatletasenred.sport.es\/?p=60850"},"modified":"2019-02-04T17:33:09","modified_gmt":"2019-02-04T15:33:09","slug":"fasttriatlon-y-c-e-katoa-campeones-de-cataluna-de-duatlon-por-equipos","status":"publish","type":"post","link":"https:\/\/miurltemporal.com/main/triatletasenred.sport.es\/actualidad\/fasttriatlon-y-c-e-katoa-campeones-de-cataluna-de-duatlon-por-equipos\/","title":{"rendered":"Fasttriatlon y C.E. Katoa, campeones de Catalu\u00f1a de duatl\u00f3n por equipos"},"content":{"rendered":"<h3 style=\"text-align: justify;\">Fueron, en categor\u00eda masculina y femenina respectivamente, los vencedores y se proclamaron campeones de Catalu\u00f1a en la m\u00edtica prueba disputada en El Prat.<\/h3>\n<p><img fetchpriority=\"high\" decoding=\"async\" class=\"aligncenter size-full wp-image-35097\" src=\"https:\/\/miurltemporal.com/main/triatletasenred.sport.es\/wp-content\/uploads\/Compressport2.jpg\" alt=\"\" width=\"479\" height=\"105\" srcset=\"https:\/\/miurltemporal.com/main/triatletasenred.sport.es\/wp-content\/uploads\/Compressport2.jpg 479w, https:\/\/miurltemporal.com/main/triatletasenred.sport.es\/wp-content\/uploads\/Compressport2-300x65.jpg 300w\" sizes=\"(max-width: 479px) 100vw, 479px\" \/><\/p>\n<p style=\"text-align: justify;\">El Parc Nou de la localidad catalana de El Prat acogi\u00f3 ayer el ya m\u00edtico <strong>Campeonato de Catalu\u00f1a de Duatl\u00f3n por Equipos.<\/strong> La 15\u00aa edici\u00f3n de esta prueba que se celebra en formato contrarreloj reuni\u00f3 a los mejores especialistas del duatl\u00f3n en una jornada que consagr\u00f3 al <strong>Fasttriatlon<\/strong>, en categor\u00eda maculina, y al <strong>C.E. Katoa<\/strong> en f\u00e9minas como los mejores equipos del momento.<\/p>\n<p style=\"text-align: justify;\"><strong>Enric Boldu, Aleix Dom\u00e8nech, F\u00e9lix Duchampt y Cesc Godoy<\/strong> fueron los cuatro hombres que llegaron al meta para certificar la victoria del Fasttriatlon, que acab\u00f3 registro final de 57&#8217;25&#8221;. El podio masculino lo completaron el <strong>Prat Triatl\u00f3<\/strong>, club organizador del evento, y el <strong>C.E.T. Distance.\u00a0<\/strong><\/p>\n<p style=\"text-align: justify;\">En cuanto a la prueba femenina, el C.E. Katoa se impuso por la m\u00ednima al Fasttriatlon. El equipo representado hasta meta por <strong>Txell Jarque, Meritxell Velasco, Laura Sitja y Marina Burgaya<\/strong> venci\u00f3 con una ligera ventaja de solo 8&#8243; que hizo que la compeitici\u00f3n fuera de lo m\u00e1s emocionante hasta los \u00faltimos metros. El bronce fue para el Prat Triatl\u00f3.<\/p>\n","protected":false},"excerpt":{"rendered":"<p>Fueron, en categor\u00eda masculina y femenina respectivamente, los vencedores y se proclamaron campeones de Catalu\u00f1a en la m\u00edtica prueba disputada en El Prat. El Parc Nou de la localidad catalana de El Prat acogi\u00f3 ayer el ya m\u00edtico Campeonato de Catalu\u00f1a de Duatl\u00f3n por Equipos. La 15\u00aa edici\u00f3n de esta prueba que se celebra en [&hellip;]<\/p>\n","protected":false},"author":302,"featured_media":60851,"comment_status":"closed","ping_status":"closed","sticky":false,"template":"","format":"standard","meta":{"_acf_changed":false,"rank_math_lock_modified_date":false,"footnotes":""},"categories":[17],"tags":[],"class_list":{"0":"post-60850","1":"post","2":"type-post","3":"status-publish","4":"format-standard","5":"has-post-thumbnail","7":"category-actualidad"},"acf":[],"_links":{"self":[{"href":"https:\/\/miurltemporal.com/main/triatletasenred.sport.es\/wp-json\/wp\/v2\/posts\/60850"}],"collection":[{"href":"https:\/\/miurltemporal.com/main/triatletasenred.sport.es\/wp-json\/wp\/v2\/posts"}],"about":[{"href":"https:\/\/miurltemporal.com/main/triatletasenred.sport.es\/wp-json\/wp\/v2\/types\/post"}],"author":[{"embeddable":true,"href":"https:\/\/miurltemporal.com/main/triatletasenred.sport.es\/wp-json\/wp\/v2\/users\/302"}],"replies":[{"embeddable":true,"href":"https:\/\/miurltemporal.com/main/triatletasenred.sport.es\/wp-json\/wp\/v2\/comments?post=60850"}],"version-history":[{"count":0,"href":"https:\/\/miurltemporal.com/main/triatletasenred.sport.es\/wp-json\/wp\/v2\/posts\/60850\/revisions"}],"wp:featuredmedia":[{"embeddable":true,"href":"https:\/\/miurltemporal.com/main/triatletasenred.sport.es\/wp-json\/wp\/v2\/media\/60851"}],"wp:attachment":[{"href":"https:\/\/miurltemporal.com/main/triatletasenred.sport.es\/wp-json\/wp\/v2\/media?parent=60850"}],"wp:term":[{"taxonomy":"category","embeddable":true,"href":"https:\/\/miurltemporal.com/main/triatletasenred.sport.es\/wp-json\/wp\/v2\/categories?post=60850"},{"taxonomy":"post_tag","embeddable":true,"href":"https:\/\/miurltemporal.com/main/triatletasenred.sport.es\/wp-json\/wp\/v2\/tags?post=60850"}],"curies":[{"name":"wp","href":"https:\/\/api.w.org\/{rel}","templated":true}]}}