{"id":60791,"date":"2019-02-04T07:01:13","date_gmt":"2019-02-04T05:01:13","guid":{"rendered":"https:\/\/miurltemporal.com/main/triatletasenred.sport.es\/?p=60791"},"modified":"2019-02-04T17:33:43","modified_gmt":"2019-02-04T15:33:43","slug":"cameron-wurf-quiere-liarla-en-2019","status":"publish","type":"post","link":"https:\/\/miurltemporal.com/main/triatletasenred.sport.es\/actualidad\/cameron-wurf-quiere-liarla-en-2019\/","title":{"rendered":"Cameron Wurf quiere &#8220;liarla&#8221; en 2019"},"content":{"rendered":"<h3 style=\"text-align: justify;\">El australiano, que ostenta el r\u00e9cord del segmento ciclista en el Ironman de Hawaii, cree que est\u00e1 preparado para proclamarse campe\u00f3n del mundo.<\/h3>\n<p><a href=\"https:\/\/zone3.es\/\" rel=\"nofollow noopener\" target=\"_blank\"><img fetchpriority=\"high\" decoding=\"async\" class=\"aligncenter size-full wp-image-58904\" src=\"https:\/\/miurltemporal.com/main/triatletasenred.sport.es\/wp-content\/uploads\/zone3-nuevo-1.gif\" alt=\"\" width=\"746\" height=\"149\" \/><\/a><\/p>\n<p style=\"text-align: justify;\"><strong>Cameron Wurf<\/strong> lo tiene claro: quiere ganar el pr\u00f3ximo <strong>Ironman de Kona<\/strong>. El asutraliano afronta su 2019 con la moral al m\u00e1ximo tras conseguir, en la \u00faltima edici\u00f3n en Hawaii, el r\u00e9cord del segmento ciclista de la prueba:<strong> 180 kms en 4h07&#8217;30&#8221;, a 43,6 km\/h.<\/strong> Un registro que nos dej\u00f3 a todos sin palabras y que, tal y como ha declarado Wurf, sirvi\u00f3 para que aquel d\u00eda, en el <strong>Campeonato del Mundo de Ironman<\/strong>, se vieran resultados espectaculares: <strong>&#8220;Ahora quiero ser parte del espect\u00e1culo y poner al mis rivales bajo presi\u00f3n&#8221;<\/strong>.<\/p>\n<p style=\"text-align: justify;\">El asutraliano, que durante gran parte de su carrera deportiva ha sido profesional en remo, quiere dar un paso m\u00e1s. Tras &#8220;volar&#8221; sobre la bicicleta en 2017 y 2018, en 2019 intentar\u00e1 llegar a Kona en un estado de forma que le permita ser competitivo a pie y aprovechar la ventaja que saca sobre las dos ruedas. En la \u00faltima edici\u00f3n del Campeonato del Mundo, Wurf se baj\u00f3 de la bici el primero pero cubri\u00f3 el marat\u00f3n final en 3h06&#8217;18&#8221;, lejos del 2h41&#8217;31&#8221; del vencedor Patrick Lange. <strong>Acab\u00f3 11\u00ba.\u00a0<\/strong><\/p>\n<p style=\"text-align: justify;\">\u00bfQu\u00e9 har\u00e1 para dar ese \u00faltimo salto de calidad que le falta para tener opciones por el t\u00edtulo? <strong>&#8220;Estoy trabajando m\u00e1s tiempo en el agua y a pie&#8221;<\/strong>. Todo ello, sin dejar de lado su gran especialidad&#8230; Y es que Cameron Wurf es compa\u00f1ero de entrenamiento de nada m\u00e1s y nada menos que <strong>Geraint Thomas<\/strong>, el \u00faltimo ganador del Tour de Francia. Eso s\u00ed, el australiano tiene claro que no cambiar\u00e1 el m\u00e9todo que le ha llevado a ese Top10 en Hawaii: <strong>&#8220;Mi progresi\u00f3n ha sido buena hasta ahora y no voy a variar mi forma de prepararme&#8221;.\u00a0<\/strong><\/p>\n","protected":false},"excerpt":{"rendered":"<p>El australiano, que ostenta el r\u00e9cord del segmento ciclista en el Ironman de Hawaii, cree que est\u00e1 preparado para proclamarse campe\u00f3n del mundo. Cameron Wurf lo tiene claro: quiere ganar el pr\u00f3ximo Ironman de Kona. El asutraliano afronta su 2019 con la moral al m\u00e1ximo tras conseguir, en la \u00faltima edici\u00f3n en Hawaii, el r\u00e9cord [&hellip;]<\/p>\n","protected":false},"author":302,"featured_media":60086,"comment_status":"closed","ping_status":"closed","sticky":false,"template":"","format":"standard","meta":{"_acf_changed":false,"rank_math_lock_modified_date":false,"footnotes":""},"categories":[17,2033],"tags":[6184,4849,6540,6295],"class_list":{"0":"post-60791","1":"post","2":"type-post","3":"status-publish","4":"format-standard","5":"has-post-thumbnail","7":"category-actualidad","8":"category-sport","9":"tag-cameron-wurf","10":"tag-campeonato-del-mundo-ironman","11":"tag-geraint-thomas","12":"tag-ironman-de-kona"},"acf":[],"_links":{"self":[{"href":"https:\/\/miurltemporal.com/main/triatletasenred.sport.es\/wp-json\/wp\/v2\/posts\/60791"}],"collection":[{"href":"https:\/\/miurltemporal.com/main/triatletasenred.sport.es\/wp-json\/wp\/v2\/posts"}],"about":[{"href":"https:\/\/miurltemporal.com/main/triatletasenred.sport.es\/wp-json\/wp\/v2\/types\/post"}],"author":[{"embeddable":true,"href":"https:\/\/miurltemporal.com/main/triatletasenred.sport.es\/wp-json\/wp\/v2\/users\/302"}],"replies":[{"embeddable":true,"href":"https:\/\/miurltemporal.com/main/triatletasenred.sport.es\/wp-json\/wp\/v2\/comments?post=60791"}],"version-history":[{"count":0,"href":"https:\/\/miurltemporal.com/main/triatletasenred.sport.es\/wp-json\/wp\/v2\/posts\/60791\/revisions"}],"wp:featuredmedia":[{"embeddable":true,"href":"https:\/\/miurltemporal.com/main/triatletasenred.sport.es\/wp-json\/wp\/v2\/media\/60086"}],"wp:attachment":[{"href":"https:\/\/miurltemporal.com/main/triatletasenred.sport.es\/wp-json\/wp\/v2\/media?parent=60791"}],"wp:term":[{"taxonomy":"category","embeddable":true,"href":"https:\/\/miurltemporal.com/main/triatletasenred.sport.es\/wp-json\/wp\/v2\/categories?post=60791"},{"taxonomy":"post_tag","embeddable":true,"href":"https:\/\/miurltemporal.com/main/triatletasenred.sport.es\/wp-json\/wp\/v2\/tags?post=60791"}],"curies":[{"name":"wp","href":"https:\/\/api.w.org\/{rel}","templated":true}]}}